{"id":12929,"date":"2023-02-24T14:19:59","date_gmt":"2023-02-24T13:19:59","guid":{"rendered":"https:\/\/swiat-tektury.pl\/?p=12929"},"modified":"2023-02-24T14:20:40","modified_gmt":"2023-02-24T13:20:40","slug":"stoiska-targowe-z-kartonu-na-promo-show","status":"publish","type":"post","link":"https:\/\/swiat-tektury.pl\/en\/2023\/02\/24\/stoiska-targowe-z-kartonu-na-promo-show\/","title":{"rendered":"Stoiska targowe z kartonu na PROMO SHOW"},"content":{"rendered":"<p>Niedawno odby\u0142a si\u0119 kolejna edycja targ\u00f3w <a href=\"https:\/\/www.facebook.com\/PROMOSHOWPROFESSIONAL?__cft__[0]=AZXUjX8DQPdYM2m4fGOzyQAKu3wvTRy71nI0qNgTZd8J4-ye_gXTYUuxGw8q7YMX0hTks5-wk4Ui0tuHt6TIgUuKMXrYmXwFPy59rVoJueEOO2mb-qK7iPdMTZXzCraYuiTAe3knP_f0kcL6lHel2-KwkrV8jMrhKbNiKZG0Z-K_smZEjK5ljetOo7AZy0s6V3yj1tI2QUlDMNsRNZ2VbFkY&amp;__tn__=-]K-R\">PROMO SHOW<\/a>. W tym roku nasze meble mo\u017cna by\u0142o zobaczy\u0107 a\u017c na <img decoding=\"async\" height=\"16\" width=\"16\" alt=\"3\ufe0f\u20e3\" src=\"https:\/\/static.xx.fbcdn.net\/images\/emoji.php\/v9\/tb8\/1\/16\/33_20e3.png\"> stoiskach <img decoding=\"async\" height=\"16\" width=\"16\" alt=\"\ud83d\udcaa\" src=\"https:\/\/static.xx.fbcdn.net\/images\/emoji.php\/v9\/t6c\/1\/16\/1f4aa.png\"><img decoding=\"async\" height=\"16\" width=\"16\" alt=\"\ud83d\ude0e\" src=\"https:\/\/static.xx.fbcdn.net\/images\/emoji.php\/v9\/t83\/1\/16\/1f60e.png\"><\/p>\n\n\n\n<p>Oto jedno z nich <img loading=\"lazy\" decoding=\"async\" height=\"16\" width=\"16\" alt=\"\ud83d\udc47\" src=\"https:\/\/static.xx.fbcdn.net\/images\/emoji.php\/v9\/t4f\/1\/16\/1f447.png\"><\/p>\n\n\n\n<figure class=\"wp-block-image size-large\"><a href=\"https:\/\/swiat-tektury.pl\/wp-content\/uploads\/2023\/02\/IMG_20230208_100632.jpg\"><img loading=\"lazy\" decoding=\"async\" width=\"1024\" height=\"768\" src=\"https:\/\/swiat-tektury.pl\/wp-content\/uploads\/2023\/02\/IMG_20230208_100632-1024x768.jpg\" alt=\"\" class=\"wp-image-12930\" srcset=\"https:\/\/swiat-tektury.pl\/wp-content\/uploads\/2023\/02\/IMG_20230208_100632-1024x768.jpg 1024w, https:\/\/swiat-tektury.pl\/wp-content\/uploads\/2023\/02\/IMG_20230208_100632-300x225.jpg 300w, https:\/\/swiat-tektury.pl\/wp-content\/uploads\/2023\/02\/IMG_20230208_100632-768x576.jpg 768w, https:\/\/swiat-tektury.pl\/wp-content\/uploads\/2023\/02\/IMG_20230208_100632-1536x1152.jpg 1536w, https:\/\/swiat-tektury.pl\/wp-content\/uploads\/2023\/02\/IMG_20230208_100632-636x477.jpg 636w, https:\/\/swiat-tektury.pl\/wp-content\/uploads\/2023\/02\/IMG_20230208_100632.jpg 1920w\" sizes=\"(max-width: 1024px) 100vw, 1024px\" \/><\/a><\/figure>\n\n\n\n<p>A tutaj znajdziecie inne nasze realizacje stoisk reklamowych z tektury <img loading=\"lazy\" decoding=\"async\" height=\"16\" width=\"16\" src=\"https:\/\/static.xx.fbcdn.net\/images\/emoji.php\/v9\/t4f\/1\/16\/1f447.png\" alt=\"\ud83d\udc47\"><\/p>\n\n\n\n<p><a href=\"https:\/\/l.facebook.com\/l.php?u=http%3A%2F%2Fwww.swiat-tektury.pl%2Frealizacje%2F%3Ffbclid%3DIwAR0ODB_wH4W18BypouRBG9ImLrPQtaIwxFKZaJsrFPQCcr6w27ZEMrQK-78&amp;h=AT0HHBJ6hxNBiru7mHc0ttBt-bN4nOjGzMnLqTFYau5a2NAI_OqYgK0biN5Am3AK9AQ6mO4ClHVWuHFbyrrXQcVcfBnuL6QcmMHhYjKQWCJyaOaisqJAOixcXxZwM-7HZ4fY&amp;__tn__=-UK-R&amp;c[0]=AT0MotWEOdCIXJ8upbPpcrdQoHIOs319bCeRth4TQ5mJOxvFIe35JnTkIgEtgEFR3qqts6Nd-PnarpiRvOb-uB7ujZ5RMS0Y_sG0ebbwzsTTgqjKaSap9JEabIgwFNifwfSVIHP8DBF7vwxkQvtYEnHDI_AN4SLkOLRSUv8hhc5ChjFFOYaRuMq3FdqC8rOIGC0khwJbvjhctvIq9frdtJG91X9DOzoeqqTj2uk\" target=\"_blank\" rel=\"noreferrer noopener\">www.swiat-tektury.pl\/realizacje\/<\/a><\/p>","protected":false},"excerpt":{"rendered":"<p>Niedawno odby\u0142a si\u0119 kolejna edycja targ\u00f3w PROMO SHOW. W tym roku nasze meble mo\u017cna by\u0142o zobaczy\u0107 a\u017c na stoiskach Oto jedno z nich A tutaj znajdziecie inne nasze realizacje stoisk reklamowych z tektury www.swiat-tektury.pl\/realizacje\/<\/p>","protected":false},"author":1,"featured_media":12930,"comment_status":"closed","ping_status":"closed","sticky":false,"template":"","format":"standard","meta":{"footnotes":""},"categories":[154],"tags":[],"class_list":["post-12929","post","type-post","status-publish","format-standard","has-post-thumbnail","hentry","category-aktualnosci"],"yoast_head":"<!-- This site is optimized with the Yoast SEO plugin v26.0 - https:\/\/yoast.com\/wordpress\/plugins\/seo\/ -->\n<title>Stoiska targowe z kartonu na PROMO SHOW | \u015bwiat-tektury.pl<\/title>\n<meta name=\"robots\" content=\"index, follow, max-snippet:-1, max-image-preview:large, max-video-preview:-1\" \/>\n<link rel=\"canonical\" href=\"https:\/\/swiat-tektury.pl\/en\/2023\/02\/24\/stoiska-targowe-z-kartonu-na-promo-show\/\" \/>\n<meta property=\"og:locale\" content=\"en_GB\" \/>\n<meta property=\"og:type\" content=\"article\" \/>\n<meta property=\"og:title\" content=\"Stoiska targowe z kartonu na PROMO SHOW | \u015bwiat-tektury.pl\" \/>\n<meta property=\"og:description\" content=\"Niedawno odby\u0142a si\u0119 kolejna edycja targ\u00f3w PROMO SHOW. W tym roku nasze meble mo\u017cna by\u0142o zobaczy\u0107 a\u017c na stoiskach Oto jedno z nich A tutaj znajdziecie inne nasze realizacje stoisk reklamowych z tektury www.swiat-tektury.pl\/realizacje\/\" \/>\n<meta property=\"og:url\" content=\"https:\/\/swiat-tektury.pl\/en\/2023\/02\/24\/stoiska-targowe-z-kartonu-na-promo-show\/\" \/>\n<meta property=\"og:site_name\" content=\"\u015bwiat-tektury.pl\" \/>\n<meta property=\"article:publisher\" content=\"https:\/\/www.facebook.com\/swiattektury\/\" \/>\n<meta property=\"article:author\" content=\"facebook.com\/swiat-tektury\" \/>\n<meta property=\"article:published_time\" content=\"2023-02-24T13:19:59+00:00\" \/>\n<meta property=\"article:modified_time\" content=\"2023-02-24T13:20:40+00:00\" \/>\n<meta property=\"og:image\" content=\"https:\/\/swiat-tektury.pl\/wp-content\/uploads\/2023\/02\/IMG_20230208_100632.jpg\" \/>\n\t<meta property=\"og:image:width\" content=\"1920\" \/>\n\t<meta property=\"og:image:height\" content=\"1440\" \/>\n\t<meta property=\"og:image:type\" content=\"image\/jpeg\" \/>\n<meta name=\"author\" content=\"animo19\" \/>\n<meta name=\"twitter:card\" content=\"summary_large_image\" \/>\n<meta name=\"twitter:label1\" content=\"Written by\" \/>\n\t<meta name=\"twitter:data1\" content=\"animo19\" \/>\n\t<meta name=\"twitter:label2\" content=\"Estimated reading time\" \/>\n\t<meta name=\"twitter:data2\" content=\"2 minutes\" \/>\n<script type=\"application\/ld+json\" class=\"yoast-schema-graph\">{\"@context\":\"https:\/\/schema.org\",\"@graph\":[{\"@type\":\"Article\",\"@id\":\"https:\/\/swiat-tektury.pl\/2023\/02\/24\/stoiska-targowe-z-kartonu-na-promo-show\/#article\",\"isPartOf\":{\"@id\":\"https:\/\/swiat-tektury.pl\/2023\/02\/24\/stoiska-targowe-z-kartonu-na-promo-show\/\"},\"author\":{\"name\":\"animo19\",\"@id\":\"http:\/\/swiat-tektury.pl\/en\/#\/schema\/person\/91f5fcc9f67c87bdf032dc0715a7519d\"},\"headline\":\"Stoiska targowe z kartonu na PROMO SHOW\",\"datePublished\":\"2023-02-24T13:19:59+00:00\",\"dateModified\":\"2023-02-24T13:20:40+00:00\",\"mainEntityOfPage\":{\"@id\":\"https:\/\/swiat-tektury.pl\/2023\/02\/24\/stoiska-targowe-z-kartonu-na-promo-show\/\"},\"wordCount\":48,\"publisher\":{\"@id\":\"http:\/\/swiat-tektury.pl\/en\/#organization\"},\"image\":{\"@id\":\"https:\/\/swiat-tektury.pl\/2023\/02\/24\/stoiska-targowe-z-kartonu-na-promo-show\/#primaryimage\"},\"thumbnailUrl\":\"https:\/\/swiat-tektury.pl\/wp-content\/uploads\/2023\/02\/IMG_20230208_100632.jpg\",\"articleSection\":[\"Aktualno\u015bci\"],\"inLanguage\":\"en-GB\"},{\"@type\":\"WebPage\",\"@id\":\"https:\/\/swiat-tektury.pl\/2023\/02\/24\/stoiska-targowe-z-kartonu-na-promo-show\/\",\"url\":\"https:\/\/swiat-tektury.pl\/2023\/02\/24\/stoiska-targowe-z-kartonu-na-promo-show\/\",\"name\":\"Stoiska targowe z kartonu na PROMO SHOW | \u015bwiat-tektury.pl\",\"isPartOf\":{\"@id\":\"http:\/\/swiat-tektury.pl\/en\/#website\"},\"primaryImageOfPage\":{\"@id\":\"https:\/\/swiat-tektury.pl\/2023\/02\/24\/stoiska-targowe-z-kartonu-na-promo-show\/#primaryimage\"},\"image\":{\"@id\":\"https:\/\/swiat-tektury.pl\/2023\/02\/24\/stoiska-targowe-z-kartonu-na-promo-show\/#primaryimage\"},\"thumbnailUrl\":\"https:\/\/swiat-tektury.pl\/wp-content\/uploads\/2023\/02\/IMG_20230208_100632.jpg\",\"datePublished\":\"2023-02-24T13:19:59+00:00\",\"dateModified\":\"2023-02-24T13:20:40+00:00\",\"breadcrumb\":{\"@id\":\"https:\/\/swiat-tektury.pl\/2023\/02\/24\/stoiska-targowe-z-kartonu-na-promo-show\/#breadcrumb\"},\"inLanguage\":\"en-GB\",\"potentialAction\":[{\"@type\":\"ReadAction\",\"target\":[\"https:\/\/swiat-tektury.pl\/2023\/02\/24\/stoiska-targowe-z-kartonu-na-promo-show\/\"]}]},{\"@type\":\"ImageObject\",\"inLanguage\":\"en-GB\",\"@id\":\"https:\/\/swiat-tektury.pl\/2023\/02\/24\/stoiska-targowe-z-kartonu-na-promo-show\/#primaryimage\",\"url\":\"https:\/\/swiat-tektury.pl\/wp-content\/uploads\/2023\/02\/IMG_20230208_100632.jpg\",\"contentUrl\":\"https:\/\/swiat-tektury.pl\/wp-content\/uploads\/2023\/02\/IMG_20230208_100632.jpg\",\"width\":1920,\"height\":1440},{\"@type\":\"BreadcrumbList\",\"@id\":\"https:\/\/swiat-tektury.pl\/2023\/02\/24\/stoiska-targowe-z-kartonu-na-promo-show\/#breadcrumb\",\"itemListElement\":[{\"@type\":\"ListItem\",\"position\":1,\"name\":\"Strona g\u0142\u00f3wna\",\"item\":\"http:\/\/swiat-tektury.pl\/en\/\"},{\"@type\":\"ListItem\",\"position\":2,\"name\":\"Stoiska targowe z kartonu na PROMO SHOW\"}]},{\"@type\":\"WebSite\",\"@id\":\"http:\/\/swiat-tektury.pl\/en\/#website\",\"url\":\"http:\/\/swiat-tektury.pl\/en\/\",\"name\":\"\u015bwiat-tektury.pl\",\"description\":\"Ekologiczne meble z tektury\",\"publisher\":{\"@id\":\"http:\/\/swiat-tektury.pl\/en\/#organization\"},\"potentialAction\":[{\"@type\":\"SearchAction\",\"target\":{\"@type\":\"EntryPoint\",\"urlTemplate\":\"http:\/\/swiat-tektury.pl\/en\/?s={search_term_string}\"},\"query-input\":{\"@type\":\"PropertyValueSpecification\",\"valueRequired\":true,\"valueName\":\"search_term_string\"}}],\"inLanguage\":\"en-GB\"},{\"@type\":\"Organization\",\"@id\":\"http:\/\/swiat-tektury.pl\/en\/#organization\",\"name\":\"\u015awiat tektury\",\"url\":\"http:\/\/swiat-tektury.pl\/en\/\",\"logo\":{\"@type\":\"ImageObject\",\"inLanguage\":\"en-GB\",\"@id\":\"http:\/\/swiat-tektury.pl\/en\/#\/schema\/logo\/image\/\",\"url\":\"https:\/\/swiat-tektury.pl\/wp-content\/uploads\/2019\/10\/WIAT-TEKTURY-LOGOTYP-01-e1572440309804.png\",\"contentUrl\":\"https:\/\/swiat-tektury.pl\/wp-content\/uploads\/2019\/10\/WIAT-TEKTURY-LOGOTYP-01-e1572440309804.png\",\"width\":1098,\"height\":1098,\"caption\":\"\u015awiat tektury\"},\"image\":{\"@id\":\"http:\/\/swiat-tektury.pl\/en\/#\/schema\/logo\/image\/\"},\"sameAs\":[\"https:\/\/www.facebook.com\/swiattektury\/\",\"https:\/\/www.instagram.com\/swiat_tektury\/\"]},{\"@type\":\"Person\",\"@id\":\"http:\/\/swiat-tektury.pl\/en\/#\/schema\/person\/91f5fcc9f67c87bdf032dc0715a7519d\",\"name\":\"animo19\",\"image\":{\"@type\":\"ImageObject\",\"inLanguage\":\"en-GB\",\"@id\":\"http:\/\/swiat-tektury.pl\/en\/#\/schema\/person\/image\/\",\"url\":\"https:\/\/secure.gravatar.com\/avatar\/1e12c083890539b5ee0c9305333aa988ddbd93afb6902107bd3f92d20454b1b1?s=96&d=mm&r=g\",\"contentUrl\":\"https:\/\/secure.gravatar.com\/avatar\/1e12c083890539b5ee0c9305333aa988ddbd93afb6902107bd3f92d20454b1b1?s=96&d=mm&r=g\",\"caption\":\"animo19\"},\"sameAs\":[\"http:\/\/swiat-tektury.pl\",\"facebook.com\/swiat-tektury\",\"instagram.com\/swiat_tektury\"]}]}<\/script>\n<!-- \/ Yoast SEO plugin. -->","yoast_head_json":{"title":"Stoiska targowe z kartonu na PROMO SHOW | \u015bwiat-tektury.pl","robots":{"index":"index","follow":"follow","max-snippet":"max-snippet:-1","max-image-preview":"max-image-preview:large","max-video-preview":"max-video-preview:-1"},"canonical":"https:\/\/swiat-tektury.pl\/en\/2023\/02\/24\/stoiska-targowe-z-kartonu-na-promo-show\/","og_locale":"en_GB","og_type":"article","og_title":"Stoiska targowe z kartonu na PROMO SHOW | \u015bwiat-tektury.pl","og_description":"Niedawno odby\u0142a si\u0119 kolejna edycja targ\u00f3w PROMO SHOW. W tym roku nasze meble mo\u017cna by\u0142o zobaczy\u0107 a\u017c na stoiskach Oto jedno z nich A tutaj znajdziecie inne nasze realizacje stoisk reklamowych z tektury www.swiat-tektury.pl\/realizacje\/","og_url":"https:\/\/swiat-tektury.pl\/en\/2023\/02\/24\/stoiska-targowe-z-kartonu-na-promo-show\/","og_site_name":"\u015bwiat-tektury.pl","article_publisher":"https:\/\/www.facebook.com\/swiattektury\/","article_author":"facebook.com\/swiat-tektury","article_published_time":"2023-02-24T13:19:59+00:00","article_modified_time":"2023-02-24T13:20:40+00:00","og_image":[{"width":1920,"height":1440,"url":"https:\/\/swiat-tektury.pl\/wp-content\/uploads\/2023\/02\/IMG_20230208_100632.jpg","type":"image\/jpeg"}],"author":"animo19","twitter_card":"summary_large_image","twitter_misc":{"Written by":"animo19","Estimated reading time":"2 minutes"},"schema":{"@context":"https:\/\/schema.org","@graph":[{"@type":"Article","@id":"https:\/\/swiat-tektury.pl\/2023\/02\/24\/stoiska-targowe-z-kartonu-na-promo-show\/#article","isPartOf":{"@id":"https:\/\/swiat-tektury.pl\/2023\/02\/24\/stoiska-targowe-z-kartonu-na-promo-show\/"},"author":{"name":"animo19","@id":"http:\/\/swiat-tektury.pl\/en\/#\/schema\/person\/91f5fcc9f67c87bdf032dc0715a7519d"},"headline":"Stoiska targowe z kartonu na PROMO SHOW","datePublished":"2023-02-24T13:19:59+00:00","dateModified":"2023-02-24T13:20:40+00:00","mainEntityOfPage":{"@id":"https:\/\/swiat-tektury.pl\/2023\/02\/24\/stoiska-targowe-z-kartonu-na-promo-show\/"},"wordCount":48,"publisher":{"@id":"http:\/\/swiat-tektury.pl\/en\/#organization"},"image":{"@id":"https:\/\/swiat-tektury.pl\/2023\/02\/24\/stoiska-targowe-z-kartonu-na-promo-show\/#primaryimage"},"thumbnailUrl":"https:\/\/swiat-tektury.pl\/wp-content\/uploads\/2023\/02\/IMG_20230208_100632.jpg","articleSection":["Aktualno\u015bci"],"inLanguage":"en-GB"},{"@type":"WebPage","@id":"https:\/\/swiat-tektury.pl\/2023\/02\/24\/stoiska-targowe-z-kartonu-na-promo-show\/","url":"https:\/\/swiat-tektury.pl\/2023\/02\/24\/stoiska-targowe-z-kartonu-na-promo-show\/","name":"Stoiska targowe z kartonu na PROMO SHOW | \u015bwiat-tektury.pl","isPartOf":{"@id":"http:\/\/swiat-tektury.pl\/en\/#website"},"primaryImageOfPage":{"@id":"https:\/\/swiat-tektury.pl\/2023\/02\/24\/stoiska-targowe-z-kartonu-na-promo-show\/#primaryimage"},"image":{"@id":"https:\/\/swiat-tektury.pl\/2023\/02\/24\/stoiska-targowe-z-kartonu-na-promo-show\/#primaryimage"},"thumbnailUrl":"https:\/\/swiat-tektury.pl\/wp-content\/uploads\/2023\/02\/IMG_20230208_100632.jpg","datePublished":"2023-02-24T13:19:59+00:00","dateModified":"2023-02-24T13:20:40+00:00","breadcrumb":{"@id":"https:\/\/swiat-tektury.pl\/2023\/02\/24\/stoiska-targowe-z-kartonu-na-promo-show\/#breadcrumb"},"inLanguage":"en-GB","potentialAction":[{"@type":"ReadAction","target":["https:\/\/swiat-tektury.pl\/2023\/02\/24\/stoiska-targowe-z-kartonu-na-promo-show\/"]}]},{"@type":"ImageObject","inLanguage":"en-GB","@id":"https:\/\/swiat-tektury.pl\/2023\/02\/24\/stoiska-targowe-z-kartonu-na-promo-show\/#primaryimage","url":"https:\/\/swiat-tektury.pl\/wp-content\/uploads\/2023\/02\/IMG_20230208_100632.jpg","contentUrl":"https:\/\/swiat-tektury.pl\/wp-content\/uploads\/2023\/02\/IMG_20230208_100632.jpg","width":1920,"height":1440},{"@type":"BreadcrumbList","@id":"https:\/\/swiat-tektury.pl\/2023\/02\/24\/stoiska-targowe-z-kartonu-na-promo-show\/#breadcrumb","itemListElement":[{"@type":"ListItem","position":1,"name":"Strona g\u0142\u00f3wna","item":"http:\/\/swiat-tektury.pl\/en\/"},{"@type":"ListItem","position":2,"name":"Stoiska targowe z kartonu na PROMO SHOW"}]},{"@type":"WebSite","@id":"http:\/\/swiat-tektury.pl\/en\/#website","url":"http:\/\/swiat-tektury.pl\/en\/","name":"\u015bwiat-tektury.pl","description":"Ekologiczne meble z tektury","publisher":{"@id":"http:\/\/swiat-tektury.pl\/en\/#organization"},"potentialAction":[{"@type":"SearchAction","target":{"@type":"EntryPoint","urlTemplate":"http:\/\/swiat-tektury.pl\/en\/?s={search_term_string}"},"query-input":{"@type":"PropertyValueSpecification","valueRequired":true,"valueName":"search_term_string"}}],"inLanguage":"en-GB"},{"@type":"Organization","@id":"http:\/\/swiat-tektury.pl\/en\/#organization","name":"\u015awiat tektury","url":"http:\/\/swiat-tektury.pl\/en\/","logo":{"@type":"ImageObject","inLanguage":"en-GB","@id":"http:\/\/swiat-tektury.pl\/en\/#\/schema\/logo\/image\/","url":"https:\/\/swiat-tektury.pl\/wp-content\/uploads\/2019\/10\/WIAT-TEKTURY-LOGOTYP-01-e1572440309804.png","contentUrl":"https:\/\/swiat-tektury.pl\/wp-content\/uploads\/2019\/10\/WIAT-TEKTURY-LOGOTYP-01-e1572440309804.png","width":1098,"height":1098,"caption":"\u015awiat tektury"},"image":{"@id":"http:\/\/swiat-tektury.pl\/en\/#\/schema\/logo\/image\/"},"sameAs":["https:\/\/www.facebook.com\/swiattektury\/","https:\/\/www.instagram.com\/swiat_tektury\/"]},{"@type":"Person","@id":"http:\/\/swiat-tektury.pl\/en\/#\/schema\/person\/91f5fcc9f67c87bdf032dc0715a7519d","name":"animo19","image":{"@type":"ImageObject","inLanguage":"en-GB","@id":"http:\/\/swiat-tektury.pl\/en\/#\/schema\/person\/image\/","url":"https:\/\/secure.gravatar.com\/avatar\/1e12c083890539b5ee0c9305333aa988ddbd93afb6902107bd3f92d20454b1b1?s=96&d=mm&r=g","contentUrl":"https:\/\/secure.gravatar.com\/avatar\/1e12c083890539b5ee0c9305333aa988ddbd93afb6902107bd3f92d20454b1b1?s=96&d=mm&r=g","caption":"animo19"},"sameAs":["http:\/\/swiat-tektury.pl","facebook.com\/swiat-tektury","instagram.com\/swiat_tektury"]}]}},"_links":{"self":[{"href":"https:\/\/swiat-tektury.pl\/en\/wp-json\/wp\/v2\/posts\/12929","targetHints":{"allow":["GET"]}}],"collection":[{"href":"https:\/\/swiat-tektury.pl\/en\/wp-json\/wp\/v2\/posts"}],"about":[{"href":"https:\/\/swiat-tektury.pl\/en\/wp-json\/wp\/v2\/types\/post"}],"author":[{"embeddable":true,"href":"https:\/\/swiat-tektury.pl\/en\/wp-json\/wp\/v2\/users\/1"}],"replies":[{"embeddable":true,"href":"https:\/\/swiat-tektury.pl\/en\/wp-json\/wp\/v2\/comments?post=12929"}],"version-history":[{"count":1,"href":"https:\/\/swiat-tektury.pl\/en\/wp-json\/wp\/v2\/posts\/12929\/revisions"}],"predecessor-version":[{"id":12931,"href":"https:\/\/swiat-tektury.pl\/en\/wp-json\/wp\/v2\/posts\/12929\/revisions\/12931"}],"wp:featuredmedia":[{"embeddable":true,"href":"https:\/\/swiat-tektury.pl\/en\/wp-json\/wp\/v2\/media\/12930"}],"wp:attachment":[{"href":"https:\/\/swiat-tektury.pl\/en\/wp-json\/wp\/v2\/media?parent=12929"}],"wp:term":[{"taxonomy":"category","embeddable":true,"href":"https:\/\/swiat-tektury.pl\/en\/wp-json\/wp\/v2\/categories?post=12929"},{"taxonomy":"post_tag","embeddable":true,"href":"https:\/\/swiat-tektury.pl\/en\/wp-json\/wp\/v2\/tags?post=12929"}],"curies":[{"name":"wp","href":"https:\/\/api.w.org\/{rel}","templated":true}]}}