{"id":13004,"date":"2023-03-22T12:16:34","date_gmt":"2023-03-22T11:16:34","guid":{"rendered":"https:\/\/swiat-tektury.pl\/?p=13004"},"modified":"2023-03-22T12:16:37","modified_gmt":"2023-03-22T11:16:37","slug":"drony-z-kartonu-uzywane-przez-ukrainska-armie","status":"publish","type":"post","link":"https:\/\/swiat-tektury.pl\/en\/2023\/03\/22\/drony-z-kartonu-uzywane-przez-ukrainska-armie\/","title":{"rendered":"Drony z kartonu u\u017cywane przez ukrai\u0144sk\u0105 armi\u0119"},"content":{"rendered":"<p>Ci\u0105gle powtarzamy, \u017ce z tektury mo\u017cna zrobi\u0107 wszystko! <img decoding=\"async\" height=\"16\" width=\"16\" alt=\"\ud83d\udc9a\" src=\"https:\/\/static.xx.fbcdn.net\/images\/emoji.php\/v9\/t94\/1\/16\/1f49a.png\"><\/p>\n\n\n\n<p>Drony z kartonu s\u0105 ju\u017c u\u017cywane przez ukrai\u0144sk\u0105 armi\u0119 na froncie.<\/p>\n\n\n\n<p>Podobno \u015bwietnie si\u0119 sprawdzaj\u0105 <img decoding=\"async\" height=\"16\" width=\"16\" alt=\"\ud83d\udcaa\" src=\"https:\/\/static.xx.fbcdn.net\/images\/emoji.php\/v9\/t6c\/1\/16\/1f4aa.png\"><\/p>\n\n\n\n<p>Poni\u017cej wideo prezentuj\u0105ce drona z kartonu <img decoding=\"async\" height=\"16\" width=\"16\" src=\"https:\/\/static.xx.fbcdn.net\/images\/emoji.php\/v9\/t4f\/1\/16\/1f447.png\" alt=\"\ud83d\udc47\"><\/p>\n\n\n\n<figure class=\"wp-block-embed is-type-video is-provider-youtube wp-block-embed-youtube wp-embed-aspect-16-9 wp-has-aspect-ratio\"><div class=\"wp-block-embed__wrapper\">\n<iframe title=\"Aussie company SYPAQ develops cardboard drones for defence of Ukraine | 7NEWS\" width=\"600\" height=\"338\" src=\"https:\/\/www.youtube.com\/embed\/-k-2W23s3Ys?feature=oembed\" frameborder=\"0\" allow=\"accelerometer; autoplay; clipboard-write; encrypted-media; gyroscope; picture-in-picture; web-share\" referrerpolicy=\"strict-origin-when-cross-origin\" allowfullscreen><\/iframe>\n<\/div><\/figure>\n\n\n\n<p>P.S. <a><\/a>Mo\u017cecie spa\u0107 spokojnie, mamy duu\u017co tektury <img loading=\"lazy\" decoding=\"async\" height=\"16\" width=\"16\" alt=\"\ud83d\ude43\" src=\"https:\/\/static.xx.fbcdn.net\/images\/emoji.php\/v9\/tcd\/1\/16\/1f643.png\"><\/p>","protected":false},"excerpt":{"rendered":"<p>Ci\u0105gle powtarzamy, \u017ce z tektury mo\u017cna zrobi\u0107 wszystko! Drony z kartonu s\u0105 ju\u017c u\u017cywane przez ukrai\u0144sk\u0105 armi\u0119 na froncie. Podobno \u015bwietnie si\u0119 sprawdzaj\u0105 Poni\u017cej wideo prezentuj\u0105ce drona z kartonu P.S. Mo\u017cecie spa\u0107 spokojnie, mamy duu\u017co tektury<\/p>","protected":false},"author":1,"featured_media":13006,"comment_status":"closed","ping_status":"closed","sticky":false,"template":"","format":"standard","meta":{"footnotes":""},"categories":[154],"tags":[],"class_list":["post-13004","post","type-post","status-publish","format-standard","has-post-thumbnail","hentry","category-aktualnosci"],"yoast_head":"<!-- This site is optimized with the Yoast SEO plugin v26.0 - https:\/\/yoast.com\/wordpress\/plugins\/seo\/ -->\n<title>Drony z kartonu u\u017cywane przez ukrai\u0144sk\u0105 armi\u0119 | \u015bwiat-tektury.pl<\/title>\n<meta name=\"robots\" content=\"index, follow, max-snippet:-1, max-image-preview:large, max-video-preview:-1\" \/>\n<link rel=\"canonical\" href=\"http:\/\/swiat-tektury.pl\/en\/2023\/03\/22\/drony-z-kartonu-uzywane-przez-ukrainska-armie\/\" \/>\n<meta property=\"og:locale\" content=\"en_GB\" \/>\n<meta property=\"og:type\" content=\"article\" \/>\n<meta property=\"og:title\" content=\"Drony z kartonu u\u017cywane przez ukrai\u0144sk\u0105 armi\u0119 | \u015bwiat-tektury.pl\" \/>\n<meta property=\"og:description\" content=\"Ci\u0105gle powtarzamy, \u017ce z tektury mo\u017cna zrobi\u0107 wszystko! Drony z kartonu s\u0105 ju\u017c u\u017cywane przez ukrai\u0144sk\u0105 armi\u0119 na froncie. Podobno \u015bwietnie si\u0119 sprawdzaj\u0105 Poni\u017cej wideo prezentuj\u0105ce drona z kartonu P.S. Mo\u017cecie spa\u0107 spokojnie, mamy duu\u017co tektury\" \/>\n<meta property=\"og:url\" content=\"http:\/\/swiat-tektury.pl\/en\/2023\/03\/22\/drony-z-kartonu-uzywane-przez-ukrainska-armie\/\" \/>\n<meta property=\"og:site_name\" content=\"\u015bwiat-tektury.pl\" \/>\n<meta property=\"article:publisher\" content=\"https:\/\/www.facebook.com\/swiattektury\/\" \/>\n<meta property=\"article:author\" content=\"facebook.com\/swiat-tektury\" \/>\n<meta property=\"article:published_time\" content=\"2023-03-22T11:16:34+00:00\" \/>\n<meta property=\"article:modified_time\" content=\"2023-03-22T11:16:37+00:00\" \/>\n<meta property=\"og:image\" content=\"http:\/\/swiat-tektury.pl\/wp-content\/uploads\/2023\/03\/dron-z-kartonu.jpg\" \/>\n\t<meta property=\"og:image:width\" content=\"1280\" \/>\n\t<meta property=\"og:image:height\" content=\"720\" \/>\n\t<meta property=\"og:image:type\" content=\"image\/jpeg\" \/>\n<meta name=\"author\" content=\"animo19\" \/>\n<meta name=\"twitter:card\" content=\"summary_large_image\" \/>\n<meta name=\"twitter:label1\" content=\"Written by\" \/>\n\t<meta name=\"twitter:data1\" content=\"animo19\" \/>\n\t<meta name=\"twitter:label2\" content=\"Estimated reading time\" \/>\n\t<meta name=\"twitter:data2\" content=\"2 minutes\" \/>\n<script type=\"application\/ld+json\" class=\"yoast-schema-graph\">{\"@context\":\"https:\/\/schema.org\",\"@graph\":[{\"@type\":\"Article\",\"@id\":\"http:\/\/swiat-tektury.pl\/2023\/03\/22\/drony-z-kartonu-uzywane-przez-ukrainska-armie\/#article\",\"isPartOf\":{\"@id\":\"http:\/\/swiat-tektury.pl\/2023\/03\/22\/drony-z-kartonu-uzywane-przez-ukrainska-armie\/\"},\"author\":{\"name\":\"animo19\",\"@id\":\"http:\/\/swiat-tektury.pl\/en\/#\/schema\/person\/91f5fcc9f67c87bdf032dc0715a7519d\"},\"headline\":\"Drony z kartonu u\u017cywane przez ukrai\u0144sk\u0105 armi\u0119\",\"datePublished\":\"2023-03-22T11:16:34+00:00\",\"dateModified\":\"2023-03-22T11:16:37+00:00\",\"mainEntityOfPage\":{\"@id\":\"http:\/\/swiat-tektury.pl\/2023\/03\/22\/drony-z-kartonu-uzywane-przez-ukrainska-armie\/\"},\"wordCount\":61,\"publisher\":{\"@id\":\"http:\/\/swiat-tektury.pl\/en\/#organization\"},\"image\":{\"@id\":\"http:\/\/swiat-tektury.pl\/2023\/03\/22\/drony-z-kartonu-uzywane-przez-ukrainska-armie\/#primaryimage\"},\"thumbnailUrl\":\"https:\/\/swiat-tektury.pl\/wp-content\/uploads\/2023\/03\/dron-z-kartonu.jpg\",\"articleSection\":[\"Aktualno\u015bci\"],\"inLanguage\":\"en-GB\"},{\"@type\":\"WebPage\",\"@id\":\"http:\/\/swiat-tektury.pl\/2023\/03\/22\/drony-z-kartonu-uzywane-przez-ukrainska-armie\/\",\"url\":\"http:\/\/swiat-tektury.pl\/2023\/03\/22\/drony-z-kartonu-uzywane-przez-ukrainska-armie\/\",\"name\":\"Drony z kartonu u\u017cywane przez ukrai\u0144sk\u0105 armi\u0119 | \u015bwiat-tektury.pl\",\"isPartOf\":{\"@id\":\"http:\/\/swiat-tektury.pl\/en\/#website\"},\"primaryImageOfPage\":{\"@id\":\"http:\/\/swiat-tektury.pl\/2023\/03\/22\/drony-z-kartonu-uzywane-przez-ukrainska-armie\/#primaryimage\"},\"image\":{\"@id\":\"http:\/\/swiat-tektury.pl\/2023\/03\/22\/drony-z-kartonu-uzywane-przez-ukrainska-armie\/#primaryimage\"},\"thumbnailUrl\":\"https:\/\/swiat-tektury.pl\/wp-content\/uploads\/2023\/03\/dron-z-kartonu.jpg\",\"datePublished\":\"2023-03-22T11:16:34+00:00\",\"dateModified\":\"2023-03-22T11:16:37+00:00\",\"breadcrumb\":{\"@id\":\"http:\/\/swiat-tektury.pl\/2023\/03\/22\/drony-z-kartonu-uzywane-przez-ukrainska-armie\/#breadcrumb\"},\"inLanguage\":\"en-GB\",\"potentialAction\":[{\"@type\":\"ReadAction\",\"target\":[\"http:\/\/swiat-tektury.pl\/2023\/03\/22\/drony-z-kartonu-uzywane-przez-ukrainska-armie\/\"]}]},{\"@type\":\"ImageObject\",\"inLanguage\":\"en-GB\",\"@id\":\"http:\/\/swiat-tektury.pl\/2023\/03\/22\/drony-z-kartonu-uzywane-przez-ukrainska-armie\/#primaryimage\",\"url\":\"https:\/\/swiat-tektury.pl\/wp-content\/uploads\/2023\/03\/dron-z-kartonu.jpg\",\"contentUrl\":\"https:\/\/swiat-tektury.pl\/wp-content\/uploads\/2023\/03\/dron-z-kartonu.jpg\",\"width\":1280,\"height\":720},{\"@type\":\"BreadcrumbList\",\"@id\":\"http:\/\/swiat-tektury.pl\/2023\/03\/22\/drony-z-kartonu-uzywane-przez-ukrainska-armie\/#breadcrumb\",\"itemListElement\":[{\"@type\":\"ListItem\",\"position\":1,\"name\":\"Strona g\u0142\u00f3wna\",\"item\":\"http:\/\/swiat-tektury.pl\/en\/\"},{\"@type\":\"ListItem\",\"position\":2,\"name\":\"Drony z kartonu u\u017cywane przez ukrai\u0144sk\u0105 armi\u0119\"}]},{\"@type\":\"WebSite\",\"@id\":\"http:\/\/swiat-tektury.pl\/en\/#website\",\"url\":\"http:\/\/swiat-tektury.pl\/en\/\",\"name\":\"\u015bwiat-tektury.pl\",\"description\":\"Ekologiczne meble z tektury\",\"publisher\":{\"@id\":\"http:\/\/swiat-tektury.pl\/en\/#organization\"},\"potentialAction\":[{\"@type\":\"SearchAction\",\"target\":{\"@type\":\"EntryPoint\",\"urlTemplate\":\"http:\/\/swiat-tektury.pl\/en\/?s={search_term_string}\"},\"query-input\":{\"@type\":\"PropertyValueSpecification\",\"valueRequired\":true,\"valueName\":\"search_term_string\"}}],\"inLanguage\":\"en-GB\"},{\"@type\":\"Organization\",\"@id\":\"http:\/\/swiat-tektury.pl\/en\/#organization\",\"name\":\"\u015awiat tektury\",\"url\":\"http:\/\/swiat-tektury.pl\/en\/\",\"logo\":{\"@type\":\"ImageObject\",\"inLanguage\":\"en-GB\",\"@id\":\"http:\/\/swiat-tektury.pl\/en\/#\/schema\/logo\/image\/\",\"url\":\"https:\/\/swiat-tektury.pl\/wp-content\/uploads\/2019\/10\/WIAT-TEKTURY-LOGOTYP-01-e1572440309804.png\",\"contentUrl\":\"https:\/\/swiat-tektury.pl\/wp-content\/uploads\/2019\/10\/WIAT-TEKTURY-LOGOTYP-01-e1572440309804.png\",\"width\":1098,\"height\":1098,\"caption\":\"\u015awiat tektury\"},\"image\":{\"@id\":\"http:\/\/swiat-tektury.pl\/en\/#\/schema\/logo\/image\/\"},\"sameAs\":[\"https:\/\/www.facebook.com\/swiattektury\/\",\"https:\/\/www.instagram.com\/swiat_tektury\/\"]},{\"@type\":\"Person\",\"@id\":\"http:\/\/swiat-tektury.pl\/en\/#\/schema\/person\/91f5fcc9f67c87bdf032dc0715a7519d\",\"name\":\"animo19\",\"image\":{\"@type\":\"ImageObject\",\"inLanguage\":\"en-GB\",\"@id\":\"http:\/\/swiat-tektury.pl\/en\/#\/schema\/person\/image\/\",\"url\":\"https:\/\/secure.gravatar.com\/avatar\/1e12c083890539b5ee0c9305333aa988ddbd93afb6902107bd3f92d20454b1b1?s=96&d=mm&r=g\",\"contentUrl\":\"https:\/\/secure.gravatar.com\/avatar\/1e12c083890539b5ee0c9305333aa988ddbd93afb6902107bd3f92d20454b1b1?s=96&d=mm&r=g\",\"caption\":\"animo19\"},\"sameAs\":[\"http:\/\/swiat-tektury.pl\",\"facebook.com\/swiat-tektury\",\"instagram.com\/swiat_tektury\"]}]}<\/script>\n<!-- \/ Yoast SEO plugin. -->","yoast_head_json":{"title":"Drony z kartonu u\u017cywane przez ukrai\u0144sk\u0105 armi\u0119 | \u015bwiat-tektury.pl","robots":{"index":"index","follow":"follow","max-snippet":"max-snippet:-1","max-image-preview":"max-image-preview:large","max-video-preview":"max-video-preview:-1"},"canonical":"http:\/\/swiat-tektury.pl\/en\/2023\/03\/22\/drony-z-kartonu-uzywane-przez-ukrainska-armie\/","og_locale":"en_GB","og_type":"article","og_title":"Drony z kartonu u\u017cywane przez ukrai\u0144sk\u0105 armi\u0119 | \u015bwiat-tektury.pl","og_description":"Ci\u0105gle powtarzamy, \u017ce z tektury mo\u017cna zrobi\u0107 wszystko! Drony z kartonu s\u0105 ju\u017c u\u017cywane przez ukrai\u0144sk\u0105 armi\u0119 na froncie. Podobno \u015bwietnie si\u0119 sprawdzaj\u0105 Poni\u017cej wideo prezentuj\u0105ce drona z kartonu P.S. Mo\u017cecie spa\u0107 spokojnie, mamy duu\u017co tektury","og_url":"http:\/\/swiat-tektury.pl\/en\/2023\/03\/22\/drony-z-kartonu-uzywane-przez-ukrainska-armie\/","og_site_name":"\u015bwiat-tektury.pl","article_publisher":"https:\/\/www.facebook.com\/swiattektury\/","article_author":"facebook.com\/swiat-tektury","article_published_time":"2023-03-22T11:16:34+00:00","article_modified_time":"2023-03-22T11:16:37+00:00","og_image":[{"width":1280,"height":720,"url":"http:\/\/swiat-tektury.pl\/wp-content\/uploads\/2023\/03\/dron-z-kartonu.jpg","type":"image\/jpeg"}],"author":"animo19","twitter_card":"summary_large_image","twitter_misc":{"Written by":"animo19","Estimated reading time":"2 minutes"},"schema":{"@context":"https:\/\/schema.org","@graph":[{"@type":"Article","@id":"http:\/\/swiat-tektury.pl\/2023\/03\/22\/drony-z-kartonu-uzywane-przez-ukrainska-armie\/#article","isPartOf":{"@id":"http:\/\/swiat-tektury.pl\/2023\/03\/22\/drony-z-kartonu-uzywane-przez-ukrainska-armie\/"},"author":{"name":"animo19","@id":"http:\/\/swiat-tektury.pl\/en\/#\/schema\/person\/91f5fcc9f67c87bdf032dc0715a7519d"},"headline":"Drony z kartonu u\u017cywane przez ukrai\u0144sk\u0105 armi\u0119","datePublished":"2023-03-22T11:16:34+00:00","dateModified":"2023-03-22T11:16:37+00:00","mainEntityOfPage":{"@id":"http:\/\/swiat-tektury.pl\/2023\/03\/22\/drony-z-kartonu-uzywane-przez-ukrainska-armie\/"},"wordCount":61,"publisher":{"@id":"http:\/\/swiat-tektury.pl\/en\/#organization"},"image":{"@id":"http:\/\/swiat-tektury.pl\/2023\/03\/22\/drony-z-kartonu-uzywane-przez-ukrainska-armie\/#primaryimage"},"thumbnailUrl":"https:\/\/swiat-tektury.pl\/wp-content\/uploads\/2023\/03\/dron-z-kartonu.jpg","articleSection":["Aktualno\u015bci"],"inLanguage":"en-GB"},{"@type":"WebPage","@id":"http:\/\/swiat-tektury.pl\/2023\/03\/22\/drony-z-kartonu-uzywane-przez-ukrainska-armie\/","url":"http:\/\/swiat-tektury.pl\/2023\/03\/22\/drony-z-kartonu-uzywane-przez-ukrainska-armie\/","name":"Drony z kartonu u\u017cywane przez ukrai\u0144sk\u0105 armi\u0119 | \u015bwiat-tektury.pl","isPartOf":{"@id":"http:\/\/swiat-tektury.pl\/en\/#website"},"primaryImageOfPage":{"@id":"http:\/\/swiat-tektury.pl\/2023\/03\/22\/drony-z-kartonu-uzywane-przez-ukrainska-armie\/#primaryimage"},"image":{"@id":"http:\/\/swiat-tektury.pl\/2023\/03\/22\/drony-z-kartonu-uzywane-przez-ukrainska-armie\/#primaryimage"},"thumbnailUrl":"https:\/\/swiat-tektury.pl\/wp-content\/uploads\/2023\/03\/dron-z-kartonu.jpg","datePublished":"2023-03-22T11:16:34+00:00","dateModified":"2023-03-22T11:16:37+00:00","breadcrumb":{"@id":"http:\/\/swiat-tektury.pl\/2023\/03\/22\/drony-z-kartonu-uzywane-przez-ukrainska-armie\/#breadcrumb"},"inLanguage":"en-GB","potentialAction":[{"@type":"ReadAction","target":["http:\/\/swiat-tektury.pl\/2023\/03\/22\/drony-z-kartonu-uzywane-przez-ukrainska-armie\/"]}]},{"@type":"ImageObject","inLanguage":"en-GB","@id":"http:\/\/swiat-tektury.pl\/2023\/03\/22\/drony-z-kartonu-uzywane-przez-ukrainska-armie\/#primaryimage","url":"https:\/\/swiat-tektury.pl\/wp-content\/uploads\/2023\/03\/dron-z-kartonu.jpg","contentUrl":"https:\/\/swiat-tektury.pl\/wp-content\/uploads\/2023\/03\/dron-z-kartonu.jpg","width":1280,"height":720},{"@type":"BreadcrumbList","@id":"http:\/\/swiat-tektury.pl\/2023\/03\/22\/drony-z-kartonu-uzywane-przez-ukrainska-armie\/#breadcrumb","itemListElement":[{"@type":"ListItem","position":1,"name":"Strona g\u0142\u00f3wna","item":"http:\/\/swiat-tektury.pl\/en\/"},{"@type":"ListItem","position":2,"name":"Drony z kartonu u\u017cywane przez ukrai\u0144sk\u0105 armi\u0119"}]},{"@type":"WebSite","@id":"http:\/\/swiat-tektury.pl\/en\/#website","url":"http:\/\/swiat-tektury.pl\/en\/","name":"\u015bwiat-tektury.pl","description":"Ekologiczne meble z tektury","publisher":{"@id":"http:\/\/swiat-tektury.pl\/en\/#organization"},"potentialAction":[{"@type":"SearchAction","target":{"@type":"EntryPoint","urlTemplate":"http:\/\/swiat-tektury.pl\/en\/?s={search_term_string}"},"query-input":{"@type":"PropertyValueSpecification","valueRequired":true,"valueName":"search_term_string"}}],"inLanguage":"en-GB"},{"@type":"Organization","@id":"http:\/\/swiat-tektury.pl\/en\/#organization","name":"\u015awiat tektury","url":"http:\/\/swiat-tektury.pl\/en\/","logo":{"@type":"ImageObject","inLanguage":"en-GB","@id":"http:\/\/swiat-tektury.pl\/en\/#\/schema\/logo\/image\/","url":"https:\/\/swiat-tektury.pl\/wp-content\/uploads\/2019\/10\/WIAT-TEKTURY-LOGOTYP-01-e1572440309804.png","contentUrl":"https:\/\/swiat-tektury.pl\/wp-content\/uploads\/2019\/10\/WIAT-TEKTURY-LOGOTYP-01-e1572440309804.png","width":1098,"height":1098,"caption":"\u015awiat tektury"},"image":{"@id":"http:\/\/swiat-tektury.pl\/en\/#\/schema\/logo\/image\/"},"sameAs":["https:\/\/www.facebook.com\/swiattektury\/","https:\/\/www.instagram.com\/swiat_tektury\/"]},{"@type":"Person","@id":"http:\/\/swiat-tektury.pl\/en\/#\/schema\/person\/91f5fcc9f67c87bdf032dc0715a7519d","name":"animo19","image":{"@type":"ImageObject","inLanguage":"en-GB","@id":"http:\/\/swiat-tektury.pl\/en\/#\/schema\/person\/image\/","url":"https:\/\/secure.gravatar.com\/avatar\/1e12c083890539b5ee0c9305333aa988ddbd93afb6902107bd3f92d20454b1b1?s=96&d=mm&r=g","contentUrl":"https:\/\/secure.gravatar.com\/avatar\/1e12c083890539b5ee0c9305333aa988ddbd93afb6902107bd3f92d20454b1b1?s=96&d=mm&r=g","caption":"animo19"},"sameAs":["http:\/\/swiat-tektury.pl","facebook.com\/swiat-tektury","instagram.com\/swiat_tektury"]}]}},"_links":{"self":[{"href":"https:\/\/swiat-tektury.pl\/en\/wp-json\/wp\/v2\/posts\/13004","targetHints":{"allow":["GET"]}}],"collection":[{"href":"https:\/\/swiat-tektury.pl\/en\/wp-json\/wp\/v2\/posts"}],"about":[{"href":"https:\/\/swiat-tektury.pl\/en\/wp-json\/wp\/v2\/types\/post"}],"author":[{"embeddable":true,"href":"https:\/\/swiat-tektury.pl\/en\/wp-json\/wp\/v2\/users\/1"}],"replies":[{"embeddable":true,"href":"https:\/\/swiat-tektury.pl\/en\/wp-json\/wp\/v2\/comments?post=13004"}],"version-history":[{"count":1,"href":"https:\/\/swiat-tektury.pl\/en\/wp-json\/wp\/v2\/posts\/13004\/revisions"}],"predecessor-version":[{"id":13007,"href":"https:\/\/swiat-tektury.pl\/en\/wp-json\/wp\/v2\/posts\/13004\/revisions\/13007"}],"wp:featuredmedia":[{"embeddable":true,"href":"https:\/\/swiat-tektury.pl\/en\/wp-json\/wp\/v2\/media\/13006"}],"wp:attachment":[{"href":"https:\/\/swiat-tektury.pl\/en\/wp-json\/wp\/v2\/media?parent=13004"}],"wp:term":[{"taxonomy":"category","embeddable":true,"href":"https:\/\/swiat-tektury.pl\/en\/wp-json\/wp\/v2\/categories?post=13004"},{"taxonomy":"post_tag","embeddable":true,"href":"https:\/\/swiat-tektury.pl\/en\/wp-json\/wp\/v2\/tags?post=13004"}],"curies":[{"name":"wp","href":"https:\/\/api.w.org\/{rel}","templated":true}]}}