{"id":13295,"date":"2023-09-19T13:40:20","date_gmt":"2023-09-19T11:40:20","guid":{"rendered":"https:\/\/swiat-tektury.pl\/?p=13295"},"modified":"2023-09-19T13:40:21","modified_gmt":"2023-09-19T11:40:21","slug":"sala-wykladowa-z-tektury","status":"publish","type":"post","link":"https:\/\/swiat-tektury.pl\/en\/2023\/09\/19\/sala-wykladowa-z-tektury\/","title":{"rendered":"Sala wyk\u0142adowa z tektury"},"content":{"rendered":"<p>Zaobaczcie nasz\u0105 najnowsz\u0105 realizacj\u0119 &#8211; sal\u0119 wyk\u0142adow\u0105 urz\u0105dzon\u0105 meblami z tektury w Wy\u017cszej Szkole Bankowej we Wroc\u0142awiu.<\/p>\n\n\n\n<figure class=\"wp-block-image size-large\"><a href=\"https:\/\/swiat-tektury.pl\/wp-content\/uploads\/2023\/09\/IMG_20230901_152303-1.jpg\"><img fetchpriority=\"high\" decoding=\"async\" width=\"1024\" height=\"576\" src=\"https:\/\/swiat-tektury.pl\/wp-content\/uploads\/2023\/09\/IMG_20230901_152303-1-1024x576.jpg\" alt=\"\" class=\"wp-image-13298\" srcset=\"https:\/\/swiat-tektury.pl\/wp-content\/uploads\/2023\/09\/IMG_20230901_152303-1-1024x576.jpg 1024w, https:\/\/swiat-tektury.pl\/wp-content\/uploads\/2023\/09\/IMG_20230901_152303-1-300x169.jpg 300w, https:\/\/swiat-tektury.pl\/wp-content\/uploads\/2023\/09\/IMG_20230901_152303-1-768x432.jpg 768w, https:\/\/swiat-tektury.pl\/wp-content\/uploads\/2023\/09\/IMG_20230901_152303-1-1536x864.jpg 1536w, https:\/\/swiat-tektury.pl\/wp-content\/uploads\/2023\/09\/IMG_20230901_152303-1-18x10.jpg 18w, https:\/\/swiat-tektury.pl\/wp-content\/uploads\/2023\/09\/IMG_20230901_152303-1-636x358.jpg 636w, https:\/\/swiat-tektury.pl\/wp-content\/uploads\/2023\/09\/IMG_20230901_152303-1.jpg 1920w\" sizes=\"(max-width: 1024px) 100vw, 1024px\" \/><\/a><\/figure>","protected":false},"excerpt":{"rendered":"<p>Zaobaczcie nasz\u0105 najnowsz\u0105 realizacj\u0119 &#8211; sal\u0119 wyk\u0142adow\u0105 urz\u0105dzon\u0105 meblami z tektury w Wy\u017cszej Szkole Bankowej we Wroc\u0142awiu.<\/p>","protected":false},"author":1,"featured_media":13298,"comment_status":"closed","ping_status":"closed","sticky":false,"template":"","format":"standard","meta":{"footnotes":""},"categories":[154],"tags":[],"class_list":["post-13295","post","type-post","status-publish","format-standard","has-post-thumbnail","hentry","category-aktualnosci"],"yoast_head":"<!-- This site is optimized with the Yoast SEO plugin v26.0 - https:\/\/yoast.com\/wordpress\/plugins\/seo\/ -->\n<title>Sala wyk\u0142adowa z tektury | \u015bwiat-tektury.pl<\/title>\n<meta name=\"robots\" content=\"index, follow, max-snippet:-1, max-image-preview:large, max-video-preview:-1\" \/>\n<link rel=\"canonical\" href=\"https:\/\/swiat-tektury.pl\/en\/2023\/09\/19\/sala-wykladowa-z-tektury\/\" \/>\n<meta property=\"og:locale\" content=\"en_GB\" \/>\n<meta property=\"og:type\" content=\"article\" \/>\n<meta property=\"og:title\" content=\"Sala wyk\u0142adowa z tektury | \u015bwiat-tektury.pl\" \/>\n<meta property=\"og:description\" content=\"Zaobaczcie nasz\u0105 najnowsz\u0105 realizacj\u0119 &#8211; sal\u0119 wyk\u0142adow\u0105 urz\u0105dzon\u0105 meblami z tektury w Wy\u017cszej Szkole Bankowej we Wroc\u0142awiu.\" \/>\n<meta property=\"og:url\" content=\"https:\/\/swiat-tektury.pl\/en\/2023\/09\/19\/sala-wykladowa-z-tektury\/\" \/>\n<meta property=\"og:site_name\" content=\"\u015bwiat-tektury.pl\" \/>\n<meta property=\"article:publisher\" content=\"https:\/\/www.facebook.com\/swiattektury\/\" \/>\n<meta property=\"article:author\" content=\"facebook.com\/swiat-tektury\" \/>\n<meta property=\"article:published_time\" content=\"2023-09-19T11:40:20+00:00\" \/>\n<meta property=\"article:modified_time\" content=\"2023-09-19T11:40:21+00:00\" \/>\n<meta property=\"og:image\" content=\"https:\/\/swiat-tektury.pl\/wp-content\/uploads\/2023\/09\/IMG_20230901_152303-1.jpg\" \/>\n\t<meta property=\"og:image:width\" content=\"1920\" \/>\n\t<meta property=\"og:image:height\" content=\"1080\" \/>\n\t<meta property=\"og:image:type\" content=\"image\/jpeg\" \/>\n<meta name=\"author\" content=\"animo19\" \/>\n<meta name=\"twitter:card\" content=\"summary_large_image\" \/>\n<meta name=\"twitter:label1\" content=\"Written by\" \/>\n\t<meta name=\"twitter:data1\" content=\"animo19\" \/>\n\t<meta name=\"twitter:label2\" content=\"Estimated reading time\" \/>\n\t<meta name=\"twitter:data2\" content=\"1 minute\" \/>\n<script type=\"application\/ld+json\" class=\"yoast-schema-graph\">{\"@context\":\"https:\/\/schema.org\",\"@graph\":[{\"@type\":\"Article\",\"@id\":\"https:\/\/swiat-tektury.pl\/en\/2023\/09\/19\/sala-wykladowa-z-tektury\/#article\",\"isPartOf\":{\"@id\":\"https:\/\/swiat-tektury.pl\/en\/2023\/09\/19\/sala-wykladowa-z-tektury\/\"},\"author\":{\"name\":\"animo19\",\"@id\":\"http:\/\/swiat-tektury.pl\/en\/#\/schema\/person\/91f5fcc9f67c87bdf032dc0715a7519d\"},\"headline\":\"Sala wyk\u0142adowa z tektury\",\"datePublished\":\"2023-09-19T11:40:20+00:00\",\"dateModified\":\"2023-09-19T11:40:21+00:00\",\"mainEntityOfPage\":{\"@id\":\"https:\/\/swiat-tektury.pl\/en\/2023\/09\/19\/sala-wykladowa-z-tektury\/\"},\"wordCount\":26,\"publisher\":{\"@id\":\"http:\/\/swiat-tektury.pl\/en\/#organization\"},\"image\":{\"@id\":\"https:\/\/swiat-tektury.pl\/en\/2023\/09\/19\/sala-wykladowa-z-tektury\/#primaryimage\"},\"thumbnailUrl\":\"https:\/\/swiat-tektury.pl\/wp-content\/uploads\/2023\/09\/IMG_20230901_152303-1.jpg\",\"articleSection\":[\"Aktualno\u015bci\"],\"inLanguage\":\"en-GB\"},{\"@type\":\"WebPage\",\"@id\":\"https:\/\/swiat-tektury.pl\/en\/2023\/09\/19\/sala-wykladowa-z-tektury\/\",\"url\":\"https:\/\/swiat-tektury.pl\/en\/2023\/09\/19\/sala-wykladowa-z-tektury\/\",\"name\":\"Sala wyk\u0142adowa z tektury | \u015bwiat-tektury.pl\",\"isPartOf\":{\"@id\":\"http:\/\/swiat-tektury.pl\/en\/#website\"},\"primaryImageOfPage\":{\"@id\":\"https:\/\/swiat-tektury.pl\/en\/2023\/09\/19\/sala-wykladowa-z-tektury\/#primaryimage\"},\"image\":{\"@id\":\"https:\/\/swiat-tektury.pl\/en\/2023\/09\/19\/sala-wykladowa-z-tektury\/#primaryimage\"},\"thumbnailUrl\":\"https:\/\/swiat-tektury.pl\/wp-content\/uploads\/2023\/09\/IMG_20230901_152303-1.jpg\",\"datePublished\":\"2023-09-19T11:40:20+00:00\",\"dateModified\":\"2023-09-19T11:40:21+00:00\",\"breadcrumb\":{\"@id\":\"https:\/\/swiat-tektury.pl\/en\/2023\/09\/19\/sala-wykladowa-z-tektury\/#breadcrumb\"},\"inLanguage\":\"en-GB\",\"potentialAction\":[{\"@type\":\"ReadAction\",\"target\":[\"https:\/\/swiat-tektury.pl\/en\/2023\/09\/19\/sala-wykladowa-z-tektury\/\"]}]},{\"@type\":\"ImageObject\",\"inLanguage\":\"en-GB\",\"@id\":\"https:\/\/swiat-tektury.pl\/en\/2023\/09\/19\/sala-wykladowa-z-tektury\/#primaryimage\",\"url\":\"https:\/\/swiat-tektury.pl\/wp-content\/uploads\/2023\/09\/IMG_20230901_152303-1.jpg\",\"contentUrl\":\"https:\/\/swiat-tektury.pl\/wp-content\/uploads\/2023\/09\/IMG_20230901_152303-1.jpg\",\"width\":1920,\"height\":1080},{\"@type\":\"BreadcrumbList\",\"@id\":\"https:\/\/swiat-tektury.pl\/en\/2023\/09\/19\/sala-wykladowa-z-tektury\/#breadcrumb\",\"itemListElement\":[{\"@type\":\"ListItem\",\"position\":1,\"name\":\"Strona g\u0142\u00f3wna\",\"item\":\"http:\/\/swiat-tektury.pl\/en\/\"},{\"@type\":\"ListItem\",\"position\":2,\"name\":\"Sala wyk\u0142adowa z tektury\"}]},{\"@type\":\"WebSite\",\"@id\":\"http:\/\/swiat-tektury.pl\/en\/#website\",\"url\":\"http:\/\/swiat-tektury.pl\/en\/\",\"name\":\"\u015bwiat-tektury.pl\",\"description\":\"Ekologiczne meble z tektury\",\"publisher\":{\"@id\":\"http:\/\/swiat-tektury.pl\/en\/#organization\"},\"potentialAction\":[{\"@type\":\"SearchAction\",\"target\":{\"@type\":\"EntryPoint\",\"urlTemplate\":\"http:\/\/swiat-tektury.pl\/en\/?s={search_term_string}\"},\"query-input\":{\"@type\":\"PropertyValueSpecification\",\"valueRequired\":true,\"valueName\":\"search_term_string\"}}],\"inLanguage\":\"en-GB\"},{\"@type\":\"Organization\",\"@id\":\"http:\/\/swiat-tektury.pl\/en\/#organization\",\"name\":\"\u015awiat tektury\",\"url\":\"http:\/\/swiat-tektury.pl\/en\/\",\"logo\":{\"@type\":\"ImageObject\",\"inLanguage\":\"en-GB\",\"@id\":\"http:\/\/swiat-tektury.pl\/en\/#\/schema\/logo\/image\/\",\"url\":\"https:\/\/swiat-tektury.pl\/wp-content\/uploads\/2019\/10\/WIAT-TEKTURY-LOGOTYP-01-e1572440309804.png\",\"contentUrl\":\"https:\/\/swiat-tektury.pl\/wp-content\/uploads\/2019\/10\/WIAT-TEKTURY-LOGOTYP-01-e1572440309804.png\",\"width\":1098,\"height\":1098,\"caption\":\"\u015awiat tektury\"},\"image\":{\"@id\":\"http:\/\/swiat-tektury.pl\/en\/#\/schema\/logo\/image\/\"},\"sameAs\":[\"https:\/\/www.facebook.com\/swiattektury\/\",\"https:\/\/www.instagram.com\/swiat_tektury\/\"]},{\"@type\":\"Person\",\"@id\":\"http:\/\/swiat-tektury.pl\/en\/#\/schema\/person\/91f5fcc9f67c87bdf032dc0715a7519d\",\"name\":\"animo19\",\"image\":{\"@type\":\"ImageObject\",\"inLanguage\":\"en-GB\",\"@id\":\"http:\/\/swiat-tektury.pl\/en\/#\/schema\/person\/image\/\",\"url\":\"https:\/\/secure.gravatar.com\/avatar\/1e12c083890539b5ee0c9305333aa988ddbd93afb6902107bd3f92d20454b1b1?s=96&d=mm&r=g\",\"contentUrl\":\"https:\/\/secure.gravatar.com\/avatar\/1e12c083890539b5ee0c9305333aa988ddbd93afb6902107bd3f92d20454b1b1?s=96&d=mm&r=g\",\"caption\":\"animo19\"},\"sameAs\":[\"http:\/\/swiat-tektury.pl\",\"facebook.com\/swiat-tektury\",\"instagram.com\/swiat_tektury\"]}]}<\/script>\n<!-- \/ Yoast SEO plugin. -->","yoast_head_json":{"title":"Sala wyk\u0142adowa z tektury | \u015bwiat-tektury.pl","robots":{"index":"index","follow":"follow","max-snippet":"max-snippet:-1","max-image-preview":"max-image-preview:large","max-video-preview":"max-video-preview:-1"},"canonical":"https:\/\/swiat-tektury.pl\/en\/2023\/09\/19\/sala-wykladowa-z-tektury\/","og_locale":"en_GB","og_type":"article","og_title":"Sala wyk\u0142adowa z tektury | \u015bwiat-tektury.pl","og_description":"Zaobaczcie nasz\u0105 najnowsz\u0105 realizacj\u0119 &#8211; sal\u0119 wyk\u0142adow\u0105 urz\u0105dzon\u0105 meblami z tektury w Wy\u017cszej Szkole Bankowej we Wroc\u0142awiu.","og_url":"https:\/\/swiat-tektury.pl\/en\/2023\/09\/19\/sala-wykladowa-z-tektury\/","og_site_name":"\u015bwiat-tektury.pl","article_publisher":"https:\/\/www.facebook.com\/swiattektury\/","article_author":"facebook.com\/swiat-tektury","article_published_time":"2023-09-19T11:40:20+00:00","article_modified_time":"2023-09-19T11:40:21+00:00","og_image":[{"width":1920,"height":1080,"url":"https:\/\/swiat-tektury.pl\/wp-content\/uploads\/2023\/09\/IMG_20230901_152303-1.jpg","type":"image\/jpeg"}],"author":"animo19","twitter_card":"summary_large_image","twitter_misc":{"Written by":"animo19","Estimated reading time":"1 minute"},"schema":{"@context":"https:\/\/schema.org","@graph":[{"@type":"Article","@id":"https:\/\/swiat-tektury.pl\/en\/2023\/09\/19\/sala-wykladowa-z-tektury\/#article","isPartOf":{"@id":"https:\/\/swiat-tektury.pl\/en\/2023\/09\/19\/sala-wykladowa-z-tektury\/"},"author":{"name":"animo19","@id":"http:\/\/swiat-tektury.pl\/en\/#\/schema\/person\/91f5fcc9f67c87bdf032dc0715a7519d"},"headline":"Sala wyk\u0142adowa z tektury","datePublished":"2023-09-19T11:40:20+00:00","dateModified":"2023-09-19T11:40:21+00:00","mainEntityOfPage":{"@id":"https:\/\/swiat-tektury.pl\/en\/2023\/09\/19\/sala-wykladowa-z-tektury\/"},"wordCount":26,"publisher":{"@id":"http:\/\/swiat-tektury.pl\/en\/#organization"},"image":{"@id":"https:\/\/swiat-tektury.pl\/en\/2023\/09\/19\/sala-wykladowa-z-tektury\/#primaryimage"},"thumbnailUrl":"https:\/\/swiat-tektury.pl\/wp-content\/uploads\/2023\/09\/IMG_20230901_152303-1.jpg","articleSection":["Aktualno\u015bci"],"inLanguage":"en-GB"},{"@type":"WebPage","@id":"https:\/\/swiat-tektury.pl\/en\/2023\/09\/19\/sala-wykladowa-z-tektury\/","url":"https:\/\/swiat-tektury.pl\/en\/2023\/09\/19\/sala-wykladowa-z-tektury\/","name":"Sala wyk\u0142adowa z tektury | \u015bwiat-tektury.pl","isPartOf":{"@id":"http:\/\/swiat-tektury.pl\/en\/#website"},"primaryImageOfPage":{"@id":"https:\/\/swiat-tektury.pl\/en\/2023\/09\/19\/sala-wykladowa-z-tektury\/#primaryimage"},"image":{"@id":"https:\/\/swiat-tektury.pl\/en\/2023\/09\/19\/sala-wykladowa-z-tektury\/#primaryimage"},"thumbnailUrl":"https:\/\/swiat-tektury.pl\/wp-content\/uploads\/2023\/09\/IMG_20230901_152303-1.jpg","datePublished":"2023-09-19T11:40:20+00:00","dateModified":"2023-09-19T11:40:21+00:00","breadcrumb":{"@id":"https:\/\/swiat-tektury.pl\/en\/2023\/09\/19\/sala-wykladowa-z-tektury\/#breadcrumb"},"inLanguage":"en-GB","potentialAction":[{"@type":"ReadAction","target":["https:\/\/swiat-tektury.pl\/en\/2023\/09\/19\/sala-wykladowa-z-tektury\/"]}]},{"@type":"ImageObject","inLanguage":"en-GB","@id":"https:\/\/swiat-tektury.pl\/en\/2023\/09\/19\/sala-wykladowa-z-tektury\/#primaryimage","url":"https:\/\/swiat-tektury.pl\/wp-content\/uploads\/2023\/09\/IMG_20230901_152303-1.jpg","contentUrl":"https:\/\/swiat-tektury.pl\/wp-content\/uploads\/2023\/09\/IMG_20230901_152303-1.jpg","width":1920,"height":1080},{"@type":"BreadcrumbList","@id":"https:\/\/swiat-tektury.pl\/en\/2023\/09\/19\/sala-wykladowa-z-tektury\/#breadcrumb","itemListElement":[{"@type":"ListItem","position":1,"name":"Strona g\u0142\u00f3wna","item":"http:\/\/swiat-tektury.pl\/en\/"},{"@type":"ListItem","position":2,"name":"Sala wyk\u0142adowa z tektury"}]},{"@type":"WebSite","@id":"http:\/\/swiat-tektury.pl\/en\/#website","url":"http:\/\/swiat-tektury.pl\/en\/","name":"\u015bwiat-tektury.pl","description":"Ekologiczne meble z tektury","publisher":{"@id":"http:\/\/swiat-tektury.pl\/en\/#organization"},"potentialAction":[{"@type":"SearchAction","target":{"@type":"EntryPoint","urlTemplate":"http:\/\/swiat-tektury.pl\/en\/?s={search_term_string}"},"query-input":{"@type":"PropertyValueSpecification","valueRequired":true,"valueName":"search_term_string"}}],"inLanguage":"en-GB"},{"@type":"Organization","@id":"http:\/\/swiat-tektury.pl\/en\/#organization","name":"\u015awiat tektury","url":"http:\/\/swiat-tektury.pl\/en\/","logo":{"@type":"ImageObject","inLanguage":"en-GB","@id":"http:\/\/swiat-tektury.pl\/en\/#\/schema\/logo\/image\/","url":"https:\/\/swiat-tektury.pl\/wp-content\/uploads\/2019\/10\/WIAT-TEKTURY-LOGOTYP-01-e1572440309804.png","contentUrl":"https:\/\/swiat-tektury.pl\/wp-content\/uploads\/2019\/10\/WIAT-TEKTURY-LOGOTYP-01-e1572440309804.png","width":1098,"height":1098,"caption":"\u015awiat tektury"},"image":{"@id":"http:\/\/swiat-tektury.pl\/en\/#\/schema\/logo\/image\/"},"sameAs":["https:\/\/www.facebook.com\/swiattektury\/","https:\/\/www.instagram.com\/swiat_tektury\/"]},{"@type":"Person","@id":"http:\/\/swiat-tektury.pl\/en\/#\/schema\/person\/91f5fcc9f67c87bdf032dc0715a7519d","name":"animo19","image":{"@type":"ImageObject","inLanguage":"en-GB","@id":"http:\/\/swiat-tektury.pl\/en\/#\/schema\/person\/image\/","url":"https:\/\/secure.gravatar.com\/avatar\/1e12c083890539b5ee0c9305333aa988ddbd93afb6902107bd3f92d20454b1b1?s=96&d=mm&r=g","contentUrl":"https:\/\/secure.gravatar.com\/avatar\/1e12c083890539b5ee0c9305333aa988ddbd93afb6902107bd3f92d20454b1b1?s=96&d=mm&r=g","caption":"animo19"},"sameAs":["http:\/\/swiat-tektury.pl","facebook.com\/swiat-tektury","instagram.com\/swiat_tektury"]}]}},"_links":{"self":[{"href":"https:\/\/swiat-tektury.pl\/en\/wp-json\/wp\/v2\/posts\/13295","targetHints":{"allow":["GET"]}}],"collection":[{"href":"https:\/\/swiat-tektury.pl\/en\/wp-json\/wp\/v2\/posts"}],"about":[{"href":"https:\/\/swiat-tektury.pl\/en\/wp-json\/wp\/v2\/types\/post"}],"author":[{"embeddable":true,"href":"https:\/\/swiat-tektury.pl\/en\/wp-json\/wp\/v2\/users\/1"}],"replies":[{"embeddable":true,"href":"https:\/\/swiat-tektury.pl\/en\/wp-json\/wp\/v2\/comments?post=13295"}],"version-history":[{"count":1,"href":"https:\/\/swiat-tektury.pl\/en\/wp-json\/wp\/v2\/posts\/13295\/revisions"}],"predecessor-version":[{"id":13310,"href":"https:\/\/swiat-tektury.pl\/en\/wp-json\/wp\/v2\/posts\/13295\/revisions\/13310"}],"wp:featuredmedia":[{"embeddable":true,"href":"https:\/\/swiat-tektury.pl\/en\/wp-json\/wp\/v2\/media\/13298"}],"wp:attachment":[{"href":"https:\/\/swiat-tektury.pl\/en\/wp-json\/wp\/v2\/media?parent=13295"}],"wp:term":[{"taxonomy":"category","embeddable":true,"href":"https:\/\/swiat-tektury.pl\/en\/wp-json\/wp\/v2\/categories?post=13295"},{"taxonomy":"post_tag","embeddable":true,"href":"https:\/\/swiat-tektury.pl\/en\/wp-json\/wp\/v2\/tags?post=13295"}],"curies":[{"name":"wp","href":"https:\/\/api.w.org\/{rel}","templated":true}]}}