{"id":13431,"date":"2023-12-20T11:56:46","date_gmt":"2023-12-20T10:56:46","guid":{"rendered":"https:\/\/swiat-tektury.pl\/?p=13431"},"modified":"2023-12-20T12:01:49","modified_gmt":"2023-12-20T11:01:49","slug":"podsumowanie-roku-2023","status":"publish","type":"post","link":"https:\/\/swiat-tektury.pl\/en\/2023\/12\/20\/podsumowanie-roku-2023\/","title":{"rendered":"Podsumowanie roku 2023"},"content":{"rendered":"<p>Rok 2023 dobiega ko\u0144ca&#8230; Dzi\u0119kujemy, \u017ce jeste\u015bcie z nami kolejny rok! \ud83d\udc9a<\/p>\n\n\n\n<p>Poni\u017cej film z podsumowaniem.<\/p>\n\n\n\n<figure class=\"wp-block-embed is-type-video is-provider-youtube wp-block-embed-youtube wp-embed-aspect-16-9 wp-has-aspect-ratio\"><div class=\"wp-block-embed__wrapper\">\n<iframe title=\"Rok 2023 dobiega ko\u0144ca, dzi\u0119kujemy, \u017ce jeste\u015bcie z nami kolejny rok! \ud83d\udc9a\" width=\"600\" height=\"338\" src=\"https:\/\/www.youtube.com\/embed\/Pi2NO40mizw?feature=oembed\" frameborder=\"0\" allow=\"accelerometer; autoplay; clipboard-write; encrypted-media; gyroscope; picture-in-picture; web-share\" referrerpolicy=\"strict-origin-when-cross-origin\" allowfullscreen><\/iframe>\n<\/div><\/figure>","protected":false},"excerpt":{"rendered":"<p>Rok 2023 dobiega ko\u0144ca&#8230; Dzi\u0119kujemy, \u017ce jeste\u015bcie z nami kolejny rok! \ud83d\udc9a Poni\u017cej film z podsumowaniem.<\/p>","protected":false},"author":1,"featured_media":13433,"comment_status":"closed","ping_status":"closed","sticky":false,"template":"","format":"standard","meta":{"footnotes":""},"categories":[154],"tags":[],"class_list":["post-13431","post","type-post","status-publish","format-standard","has-post-thumbnail","hentry","category-aktualnosci"],"yoast_head":"<!-- This site is optimized with the Yoast SEO plugin v26.0 - https:\/\/yoast.com\/wordpress\/plugins\/seo\/ -->\n<title>Podsumowanie roku 2023 | \u015bwiat-tektury.pl<\/title>\n<meta name=\"robots\" content=\"index, follow, max-snippet:-1, max-image-preview:large, max-video-preview:-1\" \/>\n<link rel=\"canonical\" href=\"http:\/\/swiat-tektury.pl\/en\/2023\/12\/20\/podsumowanie-roku-2023\/\" \/>\n<meta property=\"og:locale\" content=\"en_GB\" \/>\n<meta property=\"og:type\" content=\"article\" \/>\n<meta property=\"og:title\" content=\"Podsumowanie roku 2023 | \u015bwiat-tektury.pl\" \/>\n<meta property=\"og:description\" content=\"Rok 2023 dobiega ko\u0144ca&#8230; Dzi\u0119kujemy, \u017ce jeste\u015bcie z nami kolejny rok! \ud83d\udc9a Poni\u017cej film z podsumowaniem.\" \/>\n<meta property=\"og:url\" content=\"http:\/\/swiat-tektury.pl\/en\/2023\/12\/20\/podsumowanie-roku-2023\/\" \/>\n<meta property=\"og:site_name\" content=\"\u015bwiat-tektury.pl\" \/>\n<meta property=\"article:publisher\" content=\"https:\/\/www.facebook.com\/swiattektury\/\" \/>\n<meta property=\"article:author\" content=\"facebook.com\/swiat-tektury\" \/>\n<meta property=\"article:published_time\" content=\"2023-12-20T10:56:46+00:00\" \/>\n<meta property=\"article:modified_time\" content=\"2023-12-20T11:01:49+00:00\" \/>\n<meta property=\"og:image\" content=\"http:\/\/swiat-tektury.pl\/wp-content\/uploads\/2023\/12\/2023121915383495-e1703070098895.jpg\" \/>\n\t<meta property=\"og:image:width\" content=\"1080\" \/>\n\t<meta property=\"og:image:height\" content=\"1081\" \/>\n\t<meta property=\"og:image:type\" content=\"image\/jpeg\" \/>\n<meta name=\"author\" content=\"animo19\" \/>\n<meta name=\"twitter:card\" content=\"summary_large_image\" \/>\n<meta name=\"twitter:label1\" content=\"Written by\" \/>\n\t<meta name=\"twitter:data1\" content=\"animo19\" \/>\n\t<meta name=\"twitter:label2\" content=\"Estimated reading time\" \/>\n\t<meta name=\"twitter:data2\" content=\"1 minute\" \/>\n<script type=\"application\/ld+json\" class=\"yoast-schema-graph\">{\"@context\":\"https:\/\/schema.org\",\"@graph\":[{\"@type\":\"Article\",\"@id\":\"http:\/\/swiat-tektury.pl\/2023\/12\/20\/podsumowanie-roku-2023\/#article\",\"isPartOf\":{\"@id\":\"http:\/\/swiat-tektury.pl\/2023\/12\/20\/podsumowanie-roku-2023\/\"},\"author\":{\"name\":\"animo19\",\"@id\":\"http:\/\/swiat-tektury.pl\/en\/#\/schema\/person\/91f5fcc9f67c87bdf032dc0715a7519d\"},\"headline\":\"Podsumowanie roku 2023\",\"datePublished\":\"2023-12-20T10:56:46+00:00\",\"dateModified\":\"2023-12-20T11:01:49+00:00\",\"mainEntityOfPage\":{\"@id\":\"http:\/\/swiat-tektury.pl\/2023\/12\/20\/podsumowanie-roku-2023\/\"},\"wordCount\":28,\"publisher\":{\"@id\":\"http:\/\/swiat-tektury.pl\/en\/#organization\"},\"image\":{\"@id\":\"http:\/\/swiat-tektury.pl\/2023\/12\/20\/podsumowanie-roku-2023\/#primaryimage\"},\"thumbnailUrl\":\"https:\/\/swiat-tektury.pl\/wp-content\/uploads\/2023\/12\/2023121915383495-e1703070098895.jpg\",\"articleSection\":[\"Aktualno\u015bci\"],\"inLanguage\":\"en-GB\"},{\"@type\":\"WebPage\",\"@id\":\"http:\/\/swiat-tektury.pl\/2023\/12\/20\/podsumowanie-roku-2023\/\",\"url\":\"http:\/\/swiat-tektury.pl\/2023\/12\/20\/podsumowanie-roku-2023\/\",\"name\":\"Podsumowanie roku 2023 | \u015bwiat-tektury.pl\",\"isPartOf\":{\"@id\":\"http:\/\/swiat-tektury.pl\/en\/#website\"},\"primaryImageOfPage\":{\"@id\":\"http:\/\/swiat-tektury.pl\/2023\/12\/20\/podsumowanie-roku-2023\/#primaryimage\"},\"image\":{\"@id\":\"http:\/\/swiat-tektury.pl\/2023\/12\/20\/podsumowanie-roku-2023\/#primaryimage\"},\"thumbnailUrl\":\"https:\/\/swiat-tektury.pl\/wp-content\/uploads\/2023\/12\/2023121915383495-e1703070098895.jpg\",\"datePublished\":\"2023-12-20T10:56:46+00:00\",\"dateModified\":\"2023-12-20T11:01:49+00:00\",\"breadcrumb\":{\"@id\":\"http:\/\/swiat-tektury.pl\/2023\/12\/20\/podsumowanie-roku-2023\/#breadcrumb\"},\"inLanguage\":\"en-GB\",\"potentialAction\":[{\"@type\":\"ReadAction\",\"target\":[\"http:\/\/swiat-tektury.pl\/2023\/12\/20\/podsumowanie-roku-2023\/\"]}]},{\"@type\":\"ImageObject\",\"inLanguage\":\"en-GB\",\"@id\":\"http:\/\/swiat-tektury.pl\/2023\/12\/20\/podsumowanie-roku-2023\/#primaryimage\",\"url\":\"https:\/\/swiat-tektury.pl\/wp-content\/uploads\/2023\/12\/2023121915383495-e1703070098895.jpg\",\"contentUrl\":\"https:\/\/swiat-tektury.pl\/wp-content\/uploads\/2023\/12\/2023121915383495-e1703070098895.jpg\",\"width\":1080,\"height\":1081},{\"@type\":\"BreadcrumbList\",\"@id\":\"http:\/\/swiat-tektury.pl\/2023\/12\/20\/podsumowanie-roku-2023\/#breadcrumb\",\"itemListElement\":[{\"@type\":\"ListItem\",\"position\":1,\"name\":\"Strona g\u0142\u00f3wna\",\"item\":\"http:\/\/swiat-tektury.pl\/en\/\"},{\"@type\":\"ListItem\",\"position\":2,\"name\":\"Podsumowanie roku 2023\"}]},{\"@type\":\"WebSite\",\"@id\":\"http:\/\/swiat-tektury.pl\/en\/#website\",\"url\":\"http:\/\/swiat-tektury.pl\/en\/\",\"name\":\"\u015bwiat-tektury.pl\",\"description\":\"Ekologiczne meble z tektury\",\"publisher\":{\"@id\":\"http:\/\/swiat-tektury.pl\/en\/#organization\"},\"potentialAction\":[{\"@type\":\"SearchAction\",\"target\":{\"@type\":\"EntryPoint\",\"urlTemplate\":\"http:\/\/swiat-tektury.pl\/en\/?s={search_term_string}\"},\"query-input\":{\"@type\":\"PropertyValueSpecification\",\"valueRequired\":true,\"valueName\":\"search_term_string\"}}],\"inLanguage\":\"en-GB\"},{\"@type\":\"Organization\",\"@id\":\"http:\/\/swiat-tektury.pl\/en\/#organization\",\"name\":\"\u015awiat tektury\",\"url\":\"http:\/\/swiat-tektury.pl\/en\/\",\"logo\":{\"@type\":\"ImageObject\",\"inLanguage\":\"en-GB\",\"@id\":\"http:\/\/swiat-tektury.pl\/en\/#\/schema\/logo\/image\/\",\"url\":\"https:\/\/swiat-tektury.pl\/wp-content\/uploads\/2019\/10\/WIAT-TEKTURY-LOGOTYP-01-e1572440309804.png\",\"contentUrl\":\"https:\/\/swiat-tektury.pl\/wp-content\/uploads\/2019\/10\/WIAT-TEKTURY-LOGOTYP-01-e1572440309804.png\",\"width\":1098,\"height\":1098,\"caption\":\"\u015awiat tektury\"},\"image\":{\"@id\":\"http:\/\/swiat-tektury.pl\/en\/#\/schema\/logo\/image\/\"},\"sameAs\":[\"https:\/\/www.facebook.com\/swiattektury\/\",\"https:\/\/www.instagram.com\/swiat_tektury\/\"]},{\"@type\":\"Person\",\"@id\":\"http:\/\/swiat-tektury.pl\/en\/#\/schema\/person\/91f5fcc9f67c87bdf032dc0715a7519d\",\"name\":\"animo19\",\"image\":{\"@type\":\"ImageObject\",\"inLanguage\":\"en-GB\",\"@id\":\"http:\/\/swiat-tektury.pl\/en\/#\/schema\/person\/image\/\",\"url\":\"https:\/\/secure.gravatar.com\/avatar\/1e12c083890539b5ee0c9305333aa988ddbd93afb6902107bd3f92d20454b1b1?s=96&d=mm&r=g\",\"contentUrl\":\"https:\/\/secure.gravatar.com\/avatar\/1e12c083890539b5ee0c9305333aa988ddbd93afb6902107bd3f92d20454b1b1?s=96&d=mm&r=g\",\"caption\":\"animo19\"},\"sameAs\":[\"http:\/\/swiat-tektury.pl\",\"facebook.com\/swiat-tektury\",\"instagram.com\/swiat_tektury\"]}]}<\/script>\n<!-- \/ Yoast SEO plugin. -->","yoast_head_json":{"title":"Podsumowanie roku 2023 | \u015bwiat-tektury.pl","robots":{"index":"index","follow":"follow","max-snippet":"max-snippet:-1","max-image-preview":"max-image-preview:large","max-video-preview":"max-video-preview:-1"},"canonical":"http:\/\/swiat-tektury.pl\/en\/2023\/12\/20\/podsumowanie-roku-2023\/","og_locale":"en_GB","og_type":"article","og_title":"Podsumowanie roku 2023 | \u015bwiat-tektury.pl","og_description":"Rok 2023 dobiega ko\u0144ca&#8230; Dzi\u0119kujemy, \u017ce jeste\u015bcie z nami kolejny rok! \ud83d\udc9a Poni\u017cej film z podsumowaniem.","og_url":"http:\/\/swiat-tektury.pl\/en\/2023\/12\/20\/podsumowanie-roku-2023\/","og_site_name":"\u015bwiat-tektury.pl","article_publisher":"https:\/\/www.facebook.com\/swiattektury\/","article_author":"facebook.com\/swiat-tektury","article_published_time":"2023-12-20T10:56:46+00:00","article_modified_time":"2023-12-20T11:01:49+00:00","og_image":[{"width":1080,"height":1081,"url":"http:\/\/swiat-tektury.pl\/wp-content\/uploads\/2023\/12\/2023121915383495-e1703070098895.jpg","type":"image\/jpeg"}],"author":"animo19","twitter_card":"summary_large_image","twitter_misc":{"Written by":"animo19","Estimated reading time":"1 minute"},"schema":{"@context":"https:\/\/schema.org","@graph":[{"@type":"Article","@id":"http:\/\/swiat-tektury.pl\/2023\/12\/20\/podsumowanie-roku-2023\/#article","isPartOf":{"@id":"http:\/\/swiat-tektury.pl\/2023\/12\/20\/podsumowanie-roku-2023\/"},"author":{"name":"animo19","@id":"http:\/\/swiat-tektury.pl\/en\/#\/schema\/person\/91f5fcc9f67c87bdf032dc0715a7519d"},"headline":"Podsumowanie roku 2023","datePublished":"2023-12-20T10:56:46+00:00","dateModified":"2023-12-20T11:01:49+00:00","mainEntityOfPage":{"@id":"http:\/\/swiat-tektury.pl\/2023\/12\/20\/podsumowanie-roku-2023\/"},"wordCount":28,"publisher":{"@id":"http:\/\/swiat-tektury.pl\/en\/#organization"},"image":{"@id":"http:\/\/swiat-tektury.pl\/2023\/12\/20\/podsumowanie-roku-2023\/#primaryimage"},"thumbnailUrl":"https:\/\/swiat-tektury.pl\/wp-content\/uploads\/2023\/12\/2023121915383495-e1703070098895.jpg","articleSection":["Aktualno\u015bci"],"inLanguage":"en-GB"},{"@type":"WebPage","@id":"http:\/\/swiat-tektury.pl\/2023\/12\/20\/podsumowanie-roku-2023\/","url":"http:\/\/swiat-tektury.pl\/2023\/12\/20\/podsumowanie-roku-2023\/","name":"Podsumowanie roku 2023 | \u015bwiat-tektury.pl","isPartOf":{"@id":"http:\/\/swiat-tektury.pl\/en\/#website"},"primaryImageOfPage":{"@id":"http:\/\/swiat-tektury.pl\/2023\/12\/20\/podsumowanie-roku-2023\/#primaryimage"},"image":{"@id":"http:\/\/swiat-tektury.pl\/2023\/12\/20\/podsumowanie-roku-2023\/#primaryimage"},"thumbnailUrl":"https:\/\/swiat-tektury.pl\/wp-content\/uploads\/2023\/12\/2023121915383495-e1703070098895.jpg","datePublished":"2023-12-20T10:56:46+00:00","dateModified":"2023-12-20T11:01:49+00:00","breadcrumb":{"@id":"http:\/\/swiat-tektury.pl\/2023\/12\/20\/podsumowanie-roku-2023\/#breadcrumb"},"inLanguage":"en-GB","potentialAction":[{"@type":"ReadAction","target":["http:\/\/swiat-tektury.pl\/2023\/12\/20\/podsumowanie-roku-2023\/"]}]},{"@type":"ImageObject","inLanguage":"en-GB","@id":"http:\/\/swiat-tektury.pl\/2023\/12\/20\/podsumowanie-roku-2023\/#primaryimage","url":"https:\/\/swiat-tektury.pl\/wp-content\/uploads\/2023\/12\/2023121915383495-e1703070098895.jpg","contentUrl":"https:\/\/swiat-tektury.pl\/wp-content\/uploads\/2023\/12\/2023121915383495-e1703070098895.jpg","width":1080,"height":1081},{"@type":"BreadcrumbList","@id":"http:\/\/swiat-tektury.pl\/2023\/12\/20\/podsumowanie-roku-2023\/#breadcrumb","itemListElement":[{"@type":"ListItem","position":1,"name":"Strona g\u0142\u00f3wna","item":"http:\/\/swiat-tektury.pl\/en\/"},{"@type":"ListItem","position":2,"name":"Podsumowanie roku 2023"}]},{"@type":"WebSite","@id":"http:\/\/swiat-tektury.pl\/en\/#website","url":"http:\/\/swiat-tektury.pl\/en\/","name":"\u015bwiat-tektury.pl","description":"Ekologiczne meble z tektury","publisher":{"@id":"http:\/\/swiat-tektury.pl\/en\/#organization"},"potentialAction":[{"@type":"SearchAction","target":{"@type":"EntryPoint","urlTemplate":"http:\/\/swiat-tektury.pl\/en\/?s={search_term_string}"},"query-input":{"@type":"PropertyValueSpecification","valueRequired":true,"valueName":"search_term_string"}}],"inLanguage":"en-GB"},{"@type":"Organization","@id":"http:\/\/swiat-tektury.pl\/en\/#organization","name":"\u015awiat tektury","url":"http:\/\/swiat-tektury.pl\/en\/","logo":{"@type":"ImageObject","inLanguage":"en-GB","@id":"http:\/\/swiat-tektury.pl\/en\/#\/schema\/logo\/image\/","url":"https:\/\/swiat-tektury.pl\/wp-content\/uploads\/2019\/10\/WIAT-TEKTURY-LOGOTYP-01-e1572440309804.png","contentUrl":"https:\/\/swiat-tektury.pl\/wp-content\/uploads\/2019\/10\/WIAT-TEKTURY-LOGOTYP-01-e1572440309804.png","width":1098,"height":1098,"caption":"\u015awiat tektury"},"image":{"@id":"http:\/\/swiat-tektury.pl\/en\/#\/schema\/logo\/image\/"},"sameAs":["https:\/\/www.facebook.com\/swiattektury\/","https:\/\/www.instagram.com\/swiat_tektury\/"]},{"@type":"Person","@id":"http:\/\/swiat-tektury.pl\/en\/#\/schema\/person\/91f5fcc9f67c87bdf032dc0715a7519d","name":"animo19","image":{"@type":"ImageObject","inLanguage":"en-GB","@id":"http:\/\/swiat-tektury.pl\/en\/#\/schema\/person\/image\/","url":"https:\/\/secure.gravatar.com\/avatar\/1e12c083890539b5ee0c9305333aa988ddbd93afb6902107bd3f92d20454b1b1?s=96&d=mm&r=g","contentUrl":"https:\/\/secure.gravatar.com\/avatar\/1e12c083890539b5ee0c9305333aa988ddbd93afb6902107bd3f92d20454b1b1?s=96&d=mm&r=g","caption":"animo19"},"sameAs":["http:\/\/swiat-tektury.pl","facebook.com\/swiat-tektury","instagram.com\/swiat_tektury"]}]}},"_links":{"self":[{"href":"https:\/\/swiat-tektury.pl\/en\/wp-json\/wp\/v2\/posts\/13431","targetHints":{"allow":["GET"]}}],"collection":[{"href":"https:\/\/swiat-tektury.pl\/en\/wp-json\/wp\/v2\/posts"}],"about":[{"href":"https:\/\/swiat-tektury.pl\/en\/wp-json\/wp\/v2\/types\/post"}],"author":[{"embeddable":true,"href":"https:\/\/swiat-tektury.pl\/en\/wp-json\/wp\/v2\/users\/1"}],"replies":[{"embeddable":true,"href":"https:\/\/swiat-tektury.pl\/en\/wp-json\/wp\/v2\/comments?post=13431"}],"version-history":[{"count":1,"href":"https:\/\/swiat-tektury.pl\/en\/wp-json\/wp\/v2\/posts\/13431\/revisions"}],"predecessor-version":[{"id":13432,"href":"https:\/\/swiat-tektury.pl\/en\/wp-json\/wp\/v2\/posts\/13431\/revisions\/13432"}],"wp:featuredmedia":[{"embeddable":true,"href":"https:\/\/swiat-tektury.pl\/en\/wp-json\/wp\/v2\/media\/13433"}],"wp:attachment":[{"href":"https:\/\/swiat-tektury.pl\/en\/wp-json\/wp\/v2\/media?parent=13431"}],"wp:term":[{"taxonomy":"category","embeddable":true,"href":"https:\/\/swiat-tektury.pl\/en\/wp-json\/wp\/v2\/categories?post=13431"},{"taxonomy":"post_tag","embeddable":true,"href":"https:\/\/swiat-tektury.pl\/en\/wp-json\/wp\/v2\/tags?post=13431"}],"curies":[{"name":"wp","href":"https:\/\/api.w.org\/{rel}","templated":true}]}}