{"id":8578,"date":"2019-12-08T17:44:40","date_gmt":"2019-12-08T16:44:40","guid":{"rendered":"https:\/\/swiat-tektury.pl\/?p=8578"},"modified":"2020-02-14T09:14:41","modified_gmt":"2020-02-14T08:14:41","slug":"meble-z-tektury","status":"publish","type":"post","link":"https:\/\/swiat-tektury.pl\/en\/2019\/12\/08\/meble-z-tektury\/","title":{"rendered":"Meble z tektury"},"content":{"rendered":"<p>Nasze meble z tektury ociepl\u0105 ka\u017cde wn\u0119trze. \u015awietnie odnajd\u0105 si\u0119 w\u015br\u00f3d tradycyjnych mebli, ale mo\u017cecie te\u017c urz\u0105dzi\u0107 swoje pomieszczenia w ca\u0142o\u015bci z tektury.<br>Jak my\u015blicie, ile czasu i wysi\u0142ku zaj\u0119\u0142aby przeprowadzka lub przemeblowanie takiego salonu?\u00a0?<\/p>\n\n\n\n<p>Sprawd\u017acie koniecznie nasze <a href=\"https:\/\/swiat-tektury.pl\/en\/product-category\/meble-do-domu\/\">meble z tektury dla domu<\/a>.<\/p>","protected":false},"excerpt":{"rendered":"<p>Nasze meble z tektury ociepl\u0105 ka\u017cde wn\u0119trze. \u015awietnie odnajd\u0105 si\u0119 w\u015br\u00f3d tradycyjnych mebli, ale mo\u017cecie te\u017c urz\u0105dzi\u0107 swoje pomieszczenia w ca\u0142o\u015bci z tektury.Jak my\u015blicie, ile czasu i wysi\u0142ku zaj\u0119\u0142aby przeprowadzka lub przemeblowanie takiego salonu?\u00a0? Sprawd\u017acie koniecznie nasze meble z tektury dla domu.<\/p>","protected":false},"author":1,"featured_media":8575,"comment_status":"open","ping_status":"closed","sticky":true,"template":"","format":"standard","meta":{"footnotes":""},"categories":[154],"tags":[157,169,158,156,155,170],"class_list":["post-8578","post","type-post","status-publish","format-standard","has-post-thumbnail","hentry","category-aktualnosci","tag-eko","tag-meble","tag-meble-z-kartonu","tag-meble-z-tektury","tag-tektura","tag-zerowaste"],"yoast_head":"<!-- This site is optimized with the Yoast SEO plugin v26.0 - https:\/\/yoast.com\/wordpress\/plugins\/seo\/ -->\n<title>Meble z tektury | \u015bwiat-tektury.pl<\/title>\n<meta name=\"description\" content=\"Nasze meble z tektury ociepl\u0105 ka\u017cde wn\u0119trze. \u015awietnie odnajd\u0105 si\u0119 w\u015br\u00f3d tradycyjnych mebli, ale mo\u017cecie te\u017c urz\u0105dzi\u0107 swoje pomieszczenia w ca\u0142o\u015bci z tektury. Jak my\u015blicie, ile czasu i wysi\u0142ku zaj\u0119\u0142aby przeprowadzka lub przemeblowanie takiego salonu? ?\" \/>\n<meta name=\"robots\" content=\"index, follow, max-snippet:-1, max-image-preview:large, max-video-preview:-1\" \/>\n<link rel=\"canonical\" href=\"https:\/\/swiat-tektury.pl\/en\/2019\/12\/08\/meble-z-tektury\/\" \/>\n<meta property=\"og:locale\" content=\"en_GB\" \/>\n<meta property=\"og:type\" content=\"article\" \/>\n<meta property=\"og:title\" content=\"Meble z tektury | \u015bwiat-tektury.pl\" \/>\n<meta property=\"og:description\" content=\"Nasze meble z tektury ociepl\u0105 ka\u017cde wn\u0119trze. \u015awietnie odnajd\u0105 si\u0119 w\u015br\u00f3d tradycyjnych mebli, ale mo\u017cecie te\u017c urz\u0105dzi\u0107 swoje pomieszczenia w ca\u0142o\u015bci z tektury. Jak my\u015blicie, ile czasu i wysi\u0142ku zaj\u0119\u0142aby przeprowadzka lub przemeblowanie takiego salonu? ?\" \/>\n<meta property=\"og:url\" content=\"https:\/\/swiat-tektury.pl\/en\/2019\/12\/08\/meble-z-tektury\/\" \/>\n<meta property=\"og:site_name\" content=\"\u015bwiat-tektury.pl\" \/>\n<meta property=\"article:publisher\" content=\"https:\/\/www.facebook.com\/swiattektury\/\" \/>\n<meta property=\"article:author\" content=\"facebook.com\/swiat-tektury\" \/>\n<meta property=\"article:published_time\" content=\"2019-12-08T16:44:40+00:00\" \/>\n<meta property=\"article:modified_time\" content=\"2020-02-14T08:14:41+00:00\" \/>\n<meta property=\"og:image\" content=\"https:\/\/swiat-tektury.pl\/wp-content\/uploads\/2019\/12\/Salon-meble-z-tektury.jpg\" \/>\n\t<meta property=\"og:image:width\" content=\"1366\" \/>\n\t<meta property=\"og:image:height\" content=\"775\" \/>\n\t<meta property=\"og:image:type\" content=\"image\/jpeg\" \/>\n<meta name=\"author\" content=\"animo19\" \/>\n<meta name=\"twitter:card\" content=\"summary_large_image\" \/>\n<meta name=\"twitter:label1\" content=\"Written by\" \/>\n\t<meta name=\"twitter:data1\" content=\"animo19\" \/>\n<script type=\"application\/ld+json\" class=\"yoast-schema-graph\">{\"@context\":\"https:\/\/schema.org\",\"@graph\":[{\"@type\":\"Article\",\"@id\":\"https:\/\/swiat-tektury.pl\/en\/2019\/12\/08\/meble-z-tektury\/#article\",\"isPartOf\":{\"@id\":\"https:\/\/swiat-tektury.pl\/en\/2019\/12\/08\/meble-z-tektury\/\"},\"author\":{\"name\":\"animo19\",\"@id\":\"http:\/\/swiat-tektury.pl\/en\/#\/schema\/person\/91f5fcc9f67c87bdf032dc0715a7519d\"},\"headline\":\"Meble z tektury\",\"datePublished\":\"2019-12-08T16:44:40+00:00\",\"dateModified\":\"2020-02-14T08:14:41+00:00\",\"mainEntityOfPage\":{\"@id\":\"https:\/\/swiat-tektury.pl\/en\/2019\/12\/08\/meble-z-tektury\/\"},\"wordCount\":58,\"commentCount\":0,\"publisher\":{\"@id\":\"http:\/\/swiat-tektury.pl\/en\/#organization\"},\"image\":{\"@id\":\"https:\/\/swiat-tektury.pl\/en\/2019\/12\/08\/meble-z-tektury\/#primaryimage\"},\"thumbnailUrl\":\"https:\/\/swiat-tektury.pl\/wp-content\/uploads\/2019\/12\/Salon-meble-z-tektury.jpg\",\"keywords\":[\"eko\",\"meble\",\"meble z kartonu\",\"meble z tektury\",\"tektura\",\"zerowaste\"],\"articleSection\":[\"Aktualno\u015bci\"],\"inLanguage\":\"en-GB\",\"potentialAction\":[{\"@type\":\"CommentAction\",\"name\":\"Comment\",\"target\":[\"https:\/\/swiat-tektury.pl\/en\/2019\/12\/08\/meble-z-tektury\/#respond\"]}]},{\"@type\":\"WebPage\",\"@id\":\"https:\/\/swiat-tektury.pl\/en\/2019\/12\/08\/meble-z-tektury\/\",\"url\":\"https:\/\/swiat-tektury.pl\/en\/2019\/12\/08\/meble-z-tektury\/\",\"name\":\"Meble z tektury | \u015bwiat-tektury.pl\",\"isPartOf\":{\"@id\":\"http:\/\/swiat-tektury.pl\/en\/#website\"},\"primaryImageOfPage\":{\"@id\":\"https:\/\/swiat-tektury.pl\/en\/2019\/12\/08\/meble-z-tektury\/#primaryimage\"},\"image\":{\"@id\":\"https:\/\/swiat-tektury.pl\/en\/2019\/12\/08\/meble-z-tektury\/#primaryimage\"},\"thumbnailUrl\":\"https:\/\/swiat-tektury.pl\/wp-content\/uploads\/2019\/12\/Salon-meble-z-tektury.jpg\",\"datePublished\":\"2019-12-08T16:44:40+00:00\",\"dateModified\":\"2020-02-14T08:14:41+00:00\",\"description\":\"Nasze meble z tektury ociepl\u0105 ka\u017cde wn\u0119trze. \u015awietnie odnajd\u0105 si\u0119 w\u015br\u00f3d tradycyjnych mebli, ale mo\u017cecie te\u017c urz\u0105dzi\u0107 swoje pomieszczenia w ca\u0142o\u015bci z tektury. Jak my\u015blicie, ile czasu i wysi\u0142ku zaj\u0119\u0142aby przeprowadzka lub przemeblowanie takiego salonu? ?\",\"breadcrumb\":{\"@id\":\"https:\/\/swiat-tektury.pl\/en\/2019\/12\/08\/meble-z-tektury\/#breadcrumb\"},\"inLanguage\":\"en-GB\",\"potentialAction\":[{\"@type\":\"ReadAction\",\"target\":[\"https:\/\/swiat-tektury.pl\/en\/2019\/12\/08\/meble-z-tektury\/\"]}]},{\"@type\":\"ImageObject\",\"inLanguage\":\"en-GB\",\"@id\":\"https:\/\/swiat-tektury.pl\/en\/2019\/12\/08\/meble-z-tektury\/#primaryimage\",\"url\":\"https:\/\/swiat-tektury.pl\/wp-content\/uploads\/2019\/12\/Salon-meble-z-tektury.jpg\",\"contentUrl\":\"https:\/\/swiat-tektury.pl\/wp-content\/uploads\/2019\/12\/Salon-meble-z-tektury.jpg\",\"width\":1366,\"height\":775,\"caption\":\"Stylowe meble z tektury do domu.\"},{\"@type\":\"BreadcrumbList\",\"@id\":\"https:\/\/swiat-tektury.pl\/en\/2019\/12\/08\/meble-z-tektury\/#breadcrumb\",\"itemListElement\":[{\"@type\":\"ListItem\",\"position\":1,\"name\":\"Strona g\u0142\u00f3wna\",\"item\":\"http:\/\/swiat-tektury.pl\/en\/\"},{\"@type\":\"ListItem\",\"position\":2,\"name\":\"Meble z tektury\"}]},{\"@type\":\"WebSite\",\"@id\":\"http:\/\/swiat-tektury.pl\/en\/#website\",\"url\":\"http:\/\/swiat-tektury.pl\/en\/\",\"name\":\"\u015bwiat-tektury.pl\",\"description\":\"Ekologiczne meble z tektury\",\"publisher\":{\"@id\":\"http:\/\/swiat-tektury.pl\/en\/#organization\"},\"potentialAction\":[{\"@type\":\"SearchAction\",\"target\":{\"@type\":\"EntryPoint\",\"urlTemplate\":\"http:\/\/swiat-tektury.pl\/en\/?s={search_term_string}\"},\"query-input\":{\"@type\":\"PropertyValueSpecification\",\"valueRequired\":true,\"valueName\":\"search_term_string\"}}],\"inLanguage\":\"en-GB\"},{\"@type\":\"Organization\",\"@id\":\"http:\/\/swiat-tektury.pl\/en\/#organization\",\"name\":\"\u015awiat tektury\",\"url\":\"http:\/\/swiat-tektury.pl\/en\/\",\"logo\":{\"@type\":\"ImageObject\",\"inLanguage\":\"en-GB\",\"@id\":\"http:\/\/swiat-tektury.pl\/en\/#\/schema\/logo\/image\/\",\"url\":\"https:\/\/swiat-tektury.pl\/wp-content\/uploads\/2019\/10\/WIAT-TEKTURY-LOGOTYP-01-e1572440309804.png\",\"contentUrl\":\"https:\/\/swiat-tektury.pl\/wp-content\/uploads\/2019\/10\/WIAT-TEKTURY-LOGOTYP-01-e1572440309804.png\",\"width\":1098,\"height\":1098,\"caption\":\"\u015awiat tektury\"},\"image\":{\"@id\":\"http:\/\/swiat-tektury.pl\/en\/#\/schema\/logo\/image\/\"},\"sameAs\":[\"https:\/\/www.facebook.com\/swiattektury\/\",\"https:\/\/www.instagram.com\/swiat_tektury\/\"]},{\"@type\":\"Person\",\"@id\":\"http:\/\/swiat-tektury.pl\/en\/#\/schema\/person\/91f5fcc9f67c87bdf032dc0715a7519d\",\"name\":\"animo19\",\"image\":{\"@type\":\"ImageObject\",\"inLanguage\":\"en-GB\",\"@id\":\"http:\/\/swiat-tektury.pl\/en\/#\/schema\/person\/image\/\",\"url\":\"https:\/\/secure.gravatar.com\/avatar\/1e12c083890539b5ee0c9305333aa988ddbd93afb6902107bd3f92d20454b1b1?s=96&d=mm&r=g\",\"contentUrl\":\"https:\/\/secure.gravatar.com\/avatar\/1e12c083890539b5ee0c9305333aa988ddbd93afb6902107bd3f92d20454b1b1?s=96&d=mm&r=g\",\"caption\":\"animo19\"},\"sameAs\":[\"http:\/\/swiat-tektury.pl\",\"facebook.com\/swiat-tektury\",\"instagram.com\/swiat_tektury\"]}]}<\/script>\n<!-- \/ Yoast SEO plugin. -->","yoast_head_json":{"title":"Meble z tektury | \u015bwiat-tektury.pl","description":"Nasze meble z tektury ociepl\u0105 ka\u017cde wn\u0119trze. \u015awietnie odnajd\u0105 si\u0119 w\u015br\u00f3d tradycyjnych mebli, ale mo\u017cecie te\u017c urz\u0105dzi\u0107 swoje pomieszczenia w ca\u0142o\u015bci z tektury. Jak my\u015blicie, ile czasu i wysi\u0142ku zaj\u0119\u0142aby przeprowadzka lub przemeblowanie takiego salonu? ?","robots":{"index":"index","follow":"follow","max-snippet":"max-snippet:-1","max-image-preview":"max-image-preview:large","max-video-preview":"max-video-preview:-1"},"canonical":"https:\/\/swiat-tektury.pl\/en\/2019\/12\/08\/meble-z-tektury\/","og_locale":"en_GB","og_type":"article","og_title":"Meble z tektury | \u015bwiat-tektury.pl","og_description":"Nasze meble z tektury ociepl\u0105 ka\u017cde wn\u0119trze. \u015awietnie odnajd\u0105 si\u0119 w\u015br\u00f3d tradycyjnych mebli, ale mo\u017cecie te\u017c urz\u0105dzi\u0107 swoje pomieszczenia w ca\u0142o\u015bci z tektury. Jak my\u015blicie, ile czasu i wysi\u0142ku zaj\u0119\u0142aby przeprowadzka lub przemeblowanie takiego salonu? ?","og_url":"https:\/\/swiat-tektury.pl\/en\/2019\/12\/08\/meble-z-tektury\/","og_site_name":"\u015bwiat-tektury.pl","article_publisher":"https:\/\/www.facebook.com\/swiattektury\/","article_author":"facebook.com\/swiat-tektury","article_published_time":"2019-12-08T16:44:40+00:00","article_modified_time":"2020-02-14T08:14:41+00:00","og_image":[{"width":1366,"height":775,"url":"https:\/\/swiat-tektury.pl\/wp-content\/uploads\/2019\/12\/Salon-meble-z-tektury.jpg","type":"image\/jpeg"}],"author":"animo19","twitter_card":"summary_large_image","twitter_misc":{"Written by":"animo19"},"schema":{"@context":"https:\/\/schema.org","@graph":[{"@type":"Article","@id":"https:\/\/swiat-tektury.pl\/en\/2019\/12\/08\/meble-z-tektury\/#article","isPartOf":{"@id":"https:\/\/swiat-tektury.pl\/en\/2019\/12\/08\/meble-z-tektury\/"},"author":{"name":"animo19","@id":"http:\/\/swiat-tektury.pl\/en\/#\/schema\/person\/91f5fcc9f67c87bdf032dc0715a7519d"},"headline":"Meble z tektury","datePublished":"2019-12-08T16:44:40+00:00","dateModified":"2020-02-14T08:14:41+00:00","mainEntityOfPage":{"@id":"https:\/\/swiat-tektury.pl\/en\/2019\/12\/08\/meble-z-tektury\/"},"wordCount":58,"commentCount":0,"publisher":{"@id":"http:\/\/swiat-tektury.pl\/en\/#organization"},"image":{"@id":"https:\/\/swiat-tektury.pl\/en\/2019\/12\/08\/meble-z-tektury\/#primaryimage"},"thumbnailUrl":"https:\/\/swiat-tektury.pl\/wp-content\/uploads\/2019\/12\/Salon-meble-z-tektury.jpg","keywords":["eko","meble","meble z kartonu","meble z tektury","tektura","zerowaste"],"articleSection":["Aktualno\u015bci"],"inLanguage":"en-GB","potentialAction":[{"@type":"CommentAction","name":"Comment","target":["https:\/\/swiat-tektury.pl\/en\/2019\/12\/08\/meble-z-tektury\/#respond"]}]},{"@type":"WebPage","@id":"https:\/\/swiat-tektury.pl\/en\/2019\/12\/08\/meble-z-tektury\/","url":"https:\/\/swiat-tektury.pl\/en\/2019\/12\/08\/meble-z-tektury\/","name":"Meble z tektury | \u015bwiat-tektury.pl","isPartOf":{"@id":"http:\/\/swiat-tektury.pl\/en\/#website"},"primaryImageOfPage":{"@id":"https:\/\/swiat-tektury.pl\/en\/2019\/12\/08\/meble-z-tektury\/#primaryimage"},"image":{"@id":"https:\/\/swiat-tektury.pl\/en\/2019\/12\/08\/meble-z-tektury\/#primaryimage"},"thumbnailUrl":"https:\/\/swiat-tektury.pl\/wp-content\/uploads\/2019\/12\/Salon-meble-z-tektury.jpg","datePublished":"2019-12-08T16:44:40+00:00","dateModified":"2020-02-14T08:14:41+00:00","description":"Nasze meble z tektury ociepl\u0105 ka\u017cde wn\u0119trze. \u015awietnie odnajd\u0105 si\u0119 w\u015br\u00f3d tradycyjnych mebli, ale mo\u017cecie te\u017c urz\u0105dzi\u0107 swoje pomieszczenia w ca\u0142o\u015bci z tektury. Jak my\u015blicie, ile czasu i wysi\u0142ku zaj\u0119\u0142aby przeprowadzka lub przemeblowanie takiego salonu? ?","breadcrumb":{"@id":"https:\/\/swiat-tektury.pl\/en\/2019\/12\/08\/meble-z-tektury\/#breadcrumb"},"inLanguage":"en-GB","potentialAction":[{"@type":"ReadAction","target":["https:\/\/swiat-tektury.pl\/en\/2019\/12\/08\/meble-z-tektury\/"]}]},{"@type":"ImageObject","inLanguage":"en-GB","@id":"https:\/\/swiat-tektury.pl\/en\/2019\/12\/08\/meble-z-tektury\/#primaryimage","url":"https:\/\/swiat-tektury.pl\/wp-content\/uploads\/2019\/12\/Salon-meble-z-tektury.jpg","contentUrl":"https:\/\/swiat-tektury.pl\/wp-content\/uploads\/2019\/12\/Salon-meble-z-tektury.jpg","width":1366,"height":775,"caption":"Stylowe meble z tektury do domu."},{"@type":"BreadcrumbList","@id":"https:\/\/swiat-tektury.pl\/en\/2019\/12\/08\/meble-z-tektury\/#breadcrumb","itemListElement":[{"@type":"ListItem","position":1,"name":"Strona g\u0142\u00f3wna","item":"http:\/\/swiat-tektury.pl\/en\/"},{"@type":"ListItem","position":2,"name":"Meble z tektury"}]},{"@type":"WebSite","@id":"http:\/\/swiat-tektury.pl\/en\/#website","url":"http:\/\/swiat-tektury.pl\/en\/","name":"\u015bwiat-tektury.pl","description":"Ekologiczne meble z tektury","publisher":{"@id":"http:\/\/swiat-tektury.pl\/en\/#organization"},"potentialAction":[{"@type":"SearchAction","target":{"@type":"EntryPoint","urlTemplate":"http:\/\/swiat-tektury.pl\/en\/?s={search_term_string}"},"query-input":{"@type":"PropertyValueSpecification","valueRequired":true,"valueName":"search_term_string"}}],"inLanguage":"en-GB"},{"@type":"Organization","@id":"http:\/\/swiat-tektury.pl\/en\/#organization","name":"\u015awiat tektury","url":"http:\/\/swiat-tektury.pl\/en\/","logo":{"@type":"ImageObject","inLanguage":"en-GB","@id":"http:\/\/swiat-tektury.pl\/en\/#\/schema\/logo\/image\/","url":"https:\/\/swiat-tektury.pl\/wp-content\/uploads\/2019\/10\/WIAT-TEKTURY-LOGOTYP-01-e1572440309804.png","contentUrl":"https:\/\/swiat-tektury.pl\/wp-content\/uploads\/2019\/10\/WIAT-TEKTURY-LOGOTYP-01-e1572440309804.png","width":1098,"height":1098,"caption":"\u015awiat tektury"},"image":{"@id":"http:\/\/swiat-tektury.pl\/en\/#\/schema\/logo\/image\/"},"sameAs":["https:\/\/www.facebook.com\/swiattektury\/","https:\/\/www.instagram.com\/swiat_tektury\/"]},{"@type":"Person","@id":"http:\/\/swiat-tektury.pl\/en\/#\/schema\/person\/91f5fcc9f67c87bdf032dc0715a7519d","name":"animo19","image":{"@type":"ImageObject","inLanguage":"en-GB","@id":"http:\/\/swiat-tektury.pl\/en\/#\/schema\/person\/image\/","url":"https:\/\/secure.gravatar.com\/avatar\/1e12c083890539b5ee0c9305333aa988ddbd93afb6902107bd3f92d20454b1b1?s=96&d=mm&r=g","contentUrl":"https:\/\/secure.gravatar.com\/avatar\/1e12c083890539b5ee0c9305333aa988ddbd93afb6902107bd3f92d20454b1b1?s=96&d=mm&r=g","caption":"animo19"},"sameAs":["http:\/\/swiat-tektury.pl","facebook.com\/swiat-tektury","instagram.com\/swiat_tektury"]}]}},"_links":{"self":[{"href":"https:\/\/swiat-tektury.pl\/en\/wp-json\/wp\/v2\/posts\/8578","targetHints":{"allow":["GET"]}}],"collection":[{"href":"https:\/\/swiat-tektury.pl\/en\/wp-json\/wp\/v2\/posts"}],"about":[{"href":"https:\/\/swiat-tektury.pl\/en\/wp-json\/wp\/v2\/types\/post"}],"author":[{"embeddable":true,"href":"https:\/\/swiat-tektury.pl\/en\/wp-json\/wp\/v2\/users\/1"}],"replies":[{"embeddable":true,"href":"https:\/\/swiat-tektury.pl\/en\/wp-json\/wp\/v2\/comments?post=8578"}],"version-history":[{"count":0,"href":"https:\/\/swiat-tektury.pl\/en\/wp-json\/wp\/v2\/posts\/8578\/revisions"}],"wp:featuredmedia":[{"embeddable":true,"href":"https:\/\/swiat-tektury.pl\/en\/wp-json\/wp\/v2\/media\/8575"}],"wp:attachment":[{"href":"https:\/\/swiat-tektury.pl\/en\/wp-json\/wp\/v2\/media?parent=8578"}],"wp:term":[{"taxonomy":"category","embeddable":true,"href":"https:\/\/swiat-tektury.pl\/en\/wp-json\/wp\/v2\/categories?post=8578"},{"taxonomy":"post_tag","embeddable":true,"href":"https:\/\/swiat-tektury.pl\/en\/wp-json\/wp\/v2\/tags?post=8578"}],"curies":[{"name":"wp","href":"https:\/\/api.w.org\/{rel}","templated":true}]}}