{"id":9004,"date":"2020-02-17T08:24:17","date_gmt":"2020-02-17T07:24:17","guid":{"rendered":"https:\/\/swiat-tektury.pl\/?p=9004"},"modified":"2020-02-17T08:26:54","modified_gmt":"2020-02-17T07:26:54","slug":"eventowe-meble-z-tektury","status":"publish","type":"post","link":"https:\/\/swiat-tektury.pl\/en\/2020\/02\/17\/eventowe-meble-z-tektury\/","title":{"rendered":"Eventowe meble z tektury"},"content":{"rendered":"<p>Dzi\u015b nie trzeba ju\u017c nikomu t\u0142umaczy\u0107 czym jest recykling. \u015awiadomo\u015b\u0107 ludzi w temacie ekologii wci\u0105\u017c ro\u015bnie, a \u015bwiat coraz bardziej otwiera si\u0119 na ekologiczne inicjatywy. Nasze meble przyci\u0105gaj\u0105 wzrok nie tylko nietuzinkowym wygl\u0105dem\u2026 Wiele os\u00f3b zachwyca si\u0119 nimi w\u0142a\u015bnie ze wzgl\u0119du na aspekt ekologii. Dzi\u0119ki temu nasze meble \u015bwietnie nadaj\u0105 si\u0119 do promocji podczas r\u00f3\u017cnych wydarze\u0144 w ka\u017cdej bran\u017cy, ale sprawdzaj\u0105 si\u0119 te\u017c znakomicie podczas codziennego u\u017cytkowania. Zastosowanie ekologicznych materia\u0142\u00f3w pozytywnie wp\u0142ywa na wizerunek firmy. Sprawi, \u017ce oryginalne stoisko klient zapami\u0119ta na d\u0142u\u017cej. Zalet\u0105 naszych mebli jest du\u017ca wytrzyma\u0142o\u015b\u0107 przy zachowaniu niskiej wagi oraz kompaktowych wymiar\u00f3w po roz\u0142o\u017ceniu.<\/p>\n\n\n\n<p>Wszystkie nasze meble znajdziecie <a href=\"https:\/\/swiat-tektury.pl\/en\/sklep\/\">tutaj.<\/a><\/p>","protected":false},"excerpt":{"rendered":"<p>Dzi\u015b nie trzeba ju\u017c nikomu t\u0142umaczy\u0107 czym jest recykling. \u015awiadomo\u015b\u0107 ludzi w temacie ekologii wci\u0105\u017c ro\u015bnie, a \u015bwiat coraz bardziej otwiera si\u0119 na ekologiczne inicjatywy. Nasze meble przyci\u0105gaj\u0105 wzrok nie tylko nietuzinkowym wygl\u0105dem\u2026 Wiele os\u00f3b zachwyca si\u0119 nimi w\u0142a\u015bnie ze wzgl\u0119du na aspekt ekologii. Dzi\u0119ki temu nasze meble \u015bwietnie nadaj\u0105 si\u0119 do promocji podczas r\u00f3\u017cnych &hellip; <\/p>\n<p class=\"link-more\"><a href=\"https:\/\/swiat-tektury.pl\/en\/2020\/02\/17\/eventowe-meble-z-tektury\/\" class=\"more-link\">Read More <span class=\"screen-reader-text\"> &#8222;Eventowe meble z tektury&#8221;<\/span><\/a><\/p>","protected":false},"author":1,"featured_media":8642,"comment_status":"open","ping_status":"closed","sticky":false,"template":"","format":"standard","meta":{"footnotes":""},"categories":[154],"tags":[157,189,188,158,156,190,155],"class_list":["post-9004","post","type-post","status-publish","format-standard","has-post-thumbnail","hentry","category-aktualnosci","tag-eko","tag-eventowe-meble","tag-kar","tag-meble-z-kartonu","tag-meble-z-tektury","tag-swiat-tektury","tag-tektura"],"yoast_head":"<!-- This site is optimized with the Yoast SEO plugin v26.0 - https:\/\/yoast.com\/wordpress\/plugins\/seo\/ -->\n<title>Eventowe meble z tektury | \u015bwiat-tektury.pl<\/title>\n<meta name=\"description\" content=\"Dzi\u015b nie trzeba ju\u017c nikomu t\u0142umaczy\u0107 czym jest recykling. \u015awiadomo\u015b\u0107 ludzi w temacie ekologii wci\u0105\u017c ro\u015bnie, a \u015bwiat coraz bardziej otwiera si\u0119 na ekologiczne inicjatywy. Nasze meble przyci\u0105gaj\u0105 wzrok nie tylko nietuzinkowym wygl\u0105dem\u2026 Wiele os\u00f3b zachwyca si\u0119 nimi w\u0142a\u015bnie ze wzgl\u0119du na aspekt ekologii. Dzi\u0119ki temu nasze meble \u015bwietnie nadaj\u0105 si\u0119 do promocji podczas r\u00f3\u017cnych wydarze\u0144 w ka\u017cdej bran\u017cy, ale sprawdzaj\u0105 si\u0119 te\u017c znakomicie podczas codziennego u\u017cytkowania. Zastosowanie ekologicznych materia\u0142\u00f3w pozytywnie wp\u0142ywa na wizerunek firmy. Sprawi, \u017ce oryginalne stoisko klient zapami\u0119ta na d\u0142u\u017cej. Zalet\u0105 naszych mebli jest du\u017ca wytrzyma\u0142o\u015b\u0107 przy zachowaniu niskiej wagi oraz kompaktowych wymiar\u00f3w po roz\u0142o\u017ceniu.\" \/>\n<meta name=\"robots\" content=\"index, follow, max-snippet:-1, max-image-preview:large, max-video-preview:-1\" \/>\n<link rel=\"canonical\" href=\"https:\/\/swiat-tektury.pl\/en\/2020\/02\/17\/eventowe-meble-z-tektury\/\" \/>\n<meta property=\"og:locale\" content=\"en_GB\" \/>\n<meta property=\"og:type\" content=\"article\" \/>\n<meta property=\"og:title\" content=\"Eventowe meble z tektury | \u015bwiat-tektury.pl\" \/>\n<meta property=\"og:description\" content=\"Dzi\u015b nie trzeba ju\u017c nikomu t\u0142umaczy\u0107 czym jest recykling. \u015awiadomo\u015b\u0107 ludzi w temacie ekologii wci\u0105\u017c ro\u015bnie, a \u015bwiat coraz bardziej otwiera si\u0119 na ekologiczne inicjatywy. Nasze meble przyci\u0105gaj\u0105 wzrok nie tylko nietuzinkowym wygl\u0105dem\u2026 Wiele os\u00f3b zachwyca si\u0119 nimi w\u0142a\u015bnie ze wzgl\u0119du na aspekt ekologii. Dzi\u0119ki temu nasze meble \u015bwietnie nadaj\u0105 si\u0119 do promocji podczas r\u00f3\u017cnych wydarze\u0144 w ka\u017cdej bran\u017cy, ale sprawdzaj\u0105 si\u0119 te\u017c znakomicie podczas codziennego u\u017cytkowania. Zastosowanie ekologicznych materia\u0142\u00f3w pozytywnie wp\u0142ywa na wizerunek firmy. Sprawi, \u017ce oryginalne stoisko klient zapami\u0119ta na d\u0142u\u017cej. Zalet\u0105 naszych mebli jest du\u017ca wytrzyma\u0142o\u015b\u0107 przy zachowaniu niskiej wagi oraz kompaktowych wymiar\u00f3w po roz\u0142o\u017ceniu.\" \/>\n<meta property=\"og:url\" content=\"https:\/\/swiat-tektury.pl\/en\/2020\/02\/17\/eventowe-meble-z-tektury\/\" \/>\n<meta property=\"og:site_name\" content=\"\u015bwiat-tektury.pl\" \/>\n<meta property=\"article:publisher\" content=\"https:\/\/www.facebook.com\/swiattektury\/\" \/>\n<meta property=\"article:author\" content=\"facebook.com\/swiat-tektury\" \/>\n<meta property=\"article:published_time\" content=\"2020-02-17T07:24:17+00:00\" \/>\n<meta property=\"article:modified_time\" content=\"2020-02-17T07:26:54+00:00\" \/>\n<meta property=\"og:image\" content=\"https:\/\/swiat-tektury.pl\/wp-content\/uploads\/2020\/01\/60529882_413499775867935_7233934037067235328_o.jpg\" \/>\n\t<meta property=\"og:image:width\" content=\"1920\" \/>\n\t<meta property=\"og:image:height\" content=\"933\" \/>\n\t<meta property=\"og:image:type\" content=\"image\/jpeg\" \/>\n<meta name=\"author\" content=\"animo19\" \/>\n<meta name=\"twitter:card\" content=\"summary_large_image\" \/>\n<meta name=\"twitter:label1\" content=\"Written by\" \/>\n\t<meta name=\"twitter:data1\" content=\"animo19\" \/>\n\t<meta name=\"twitter:label2\" content=\"Estimated reading time\" \/>\n\t<meta name=\"twitter:data2\" content=\"1 minute\" \/>\n<script type=\"application\/ld+json\" class=\"yoast-schema-graph\">{\"@context\":\"https:\/\/schema.org\",\"@graph\":[{\"@type\":\"Article\",\"@id\":\"https:\/\/swiat-tektury.pl\/2020\/02\/17\/eventowe-meble-z-tektury\/#article\",\"isPartOf\":{\"@id\":\"https:\/\/swiat-tektury.pl\/2020\/02\/17\/eventowe-meble-z-tektury\/\"},\"author\":{\"name\":\"animo19\",\"@id\":\"http:\/\/swiat-tektury.pl\/en\/#\/schema\/person\/91f5fcc9f67c87bdf032dc0715a7519d\"},\"headline\":\"Eventowe meble z tektury\",\"datePublished\":\"2020-02-17T07:24:17+00:00\",\"dateModified\":\"2020-02-17T07:26:54+00:00\",\"mainEntityOfPage\":{\"@id\":\"https:\/\/swiat-tektury.pl\/2020\/02\/17\/eventowe-meble-z-tektury\/\"},\"wordCount\":130,\"commentCount\":0,\"publisher\":{\"@id\":\"http:\/\/swiat-tektury.pl\/en\/#organization\"},\"image\":{\"@id\":\"https:\/\/swiat-tektury.pl\/2020\/02\/17\/eventowe-meble-z-tektury\/#primaryimage\"},\"thumbnailUrl\":\"https:\/\/swiat-tektury.pl\/wp-content\/uploads\/2020\/01\/60529882_413499775867935_7233934037067235328_o.jpg\",\"keywords\":[\"eko\",\"eventowe meble\",\"kar\",\"meble z kartonu\",\"meble z tektury\",\"\u015bwiat tektury\",\"tektura\"],\"articleSection\":[\"Aktualno\u015bci\"],\"inLanguage\":\"en-GB\",\"potentialAction\":[{\"@type\":\"CommentAction\",\"name\":\"Comment\",\"target\":[\"https:\/\/swiat-tektury.pl\/2020\/02\/17\/eventowe-meble-z-tektury\/#respond\"]}]},{\"@type\":\"WebPage\",\"@id\":\"https:\/\/swiat-tektury.pl\/2020\/02\/17\/eventowe-meble-z-tektury\/\",\"url\":\"https:\/\/swiat-tektury.pl\/2020\/02\/17\/eventowe-meble-z-tektury\/\",\"name\":\"Eventowe meble z tektury | \u015bwiat-tektury.pl\",\"isPartOf\":{\"@id\":\"http:\/\/swiat-tektury.pl\/en\/#website\"},\"primaryImageOfPage\":{\"@id\":\"https:\/\/swiat-tektury.pl\/2020\/02\/17\/eventowe-meble-z-tektury\/#primaryimage\"},\"image\":{\"@id\":\"https:\/\/swiat-tektury.pl\/2020\/02\/17\/eventowe-meble-z-tektury\/#primaryimage\"},\"thumbnailUrl\":\"https:\/\/swiat-tektury.pl\/wp-content\/uploads\/2020\/01\/60529882_413499775867935_7233934037067235328_o.jpg\",\"datePublished\":\"2020-02-17T07:24:17+00:00\",\"dateModified\":\"2020-02-17T07:26:54+00:00\",\"description\":\"Dzi\u015b nie trzeba ju\u017c nikomu t\u0142umaczy\u0107 czym jest recykling. \u015awiadomo\u015b\u0107 ludzi w temacie ekologii wci\u0105\u017c ro\u015bnie, a \u015bwiat coraz bardziej otwiera si\u0119 na ekologiczne inicjatywy. Nasze meble przyci\u0105gaj\u0105 wzrok nie tylko nietuzinkowym wygl\u0105dem\u2026 Wiele os\u00f3b zachwyca si\u0119 nimi w\u0142a\u015bnie ze wzgl\u0119du na aspekt ekologii. Dzi\u0119ki temu nasze meble \u015bwietnie nadaj\u0105 si\u0119 do promocji podczas r\u00f3\u017cnych wydarze\u0144 w ka\u017cdej bran\u017cy, ale sprawdzaj\u0105 si\u0119 te\u017c znakomicie podczas codziennego u\u017cytkowania. Zastosowanie ekologicznych materia\u0142\u00f3w pozytywnie wp\u0142ywa na wizerunek firmy. Sprawi, \u017ce oryginalne stoisko klient zapami\u0119ta na d\u0142u\u017cej. Zalet\u0105 naszych mebli jest du\u017ca wytrzyma\u0142o\u015b\u0107 przy zachowaniu niskiej wagi oraz kompaktowych wymiar\u00f3w po roz\u0142o\u017ceniu.\",\"breadcrumb\":{\"@id\":\"https:\/\/swiat-tektury.pl\/2020\/02\/17\/eventowe-meble-z-tektury\/#breadcrumb\"},\"inLanguage\":\"en-GB\",\"potentialAction\":[{\"@type\":\"ReadAction\",\"target\":[\"https:\/\/swiat-tektury.pl\/2020\/02\/17\/eventowe-meble-z-tektury\/\"]}]},{\"@type\":\"ImageObject\",\"inLanguage\":\"en-GB\",\"@id\":\"https:\/\/swiat-tektury.pl\/2020\/02\/17\/eventowe-meble-z-tektury\/#primaryimage\",\"url\":\"https:\/\/swiat-tektury.pl\/wp-content\/uploads\/2020\/01\/60529882_413499775867935_7233934037067235328_o.jpg\",\"contentUrl\":\"https:\/\/swiat-tektury.pl\/wp-content\/uploads\/2020\/01\/60529882_413499775867935_7233934037067235328_o.jpg\",\"width\":1920,\"height\":933,\"caption\":\"Start-Up Days - meble z tektury\"},{\"@type\":\"BreadcrumbList\",\"@id\":\"https:\/\/swiat-tektury.pl\/2020\/02\/17\/eventowe-meble-z-tektury\/#breadcrumb\",\"itemListElement\":[{\"@type\":\"ListItem\",\"position\":1,\"name\":\"Strona g\u0142\u00f3wna\",\"item\":\"http:\/\/swiat-tektury.pl\/en\/\"},{\"@type\":\"ListItem\",\"position\":2,\"name\":\"Eventowe meble z tektury\"}]},{\"@type\":\"WebSite\",\"@id\":\"http:\/\/swiat-tektury.pl\/en\/#website\",\"url\":\"http:\/\/swiat-tektury.pl\/en\/\",\"name\":\"\u015bwiat-tektury.pl\",\"description\":\"Ekologiczne meble z tektury\",\"publisher\":{\"@id\":\"http:\/\/swiat-tektury.pl\/en\/#organization\"},\"potentialAction\":[{\"@type\":\"SearchAction\",\"target\":{\"@type\":\"EntryPoint\",\"urlTemplate\":\"http:\/\/swiat-tektury.pl\/en\/?s={search_term_string}\"},\"query-input\":{\"@type\":\"PropertyValueSpecification\",\"valueRequired\":true,\"valueName\":\"search_term_string\"}}],\"inLanguage\":\"en-GB\"},{\"@type\":\"Organization\",\"@id\":\"http:\/\/swiat-tektury.pl\/en\/#organization\",\"name\":\"\u015awiat tektury\",\"url\":\"http:\/\/swiat-tektury.pl\/en\/\",\"logo\":{\"@type\":\"ImageObject\",\"inLanguage\":\"en-GB\",\"@id\":\"http:\/\/swiat-tektury.pl\/en\/#\/schema\/logo\/image\/\",\"url\":\"https:\/\/swiat-tektury.pl\/wp-content\/uploads\/2019\/10\/WIAT-TEKTURY-LOGOTYP-01-e1572440309804.png\",\"contentUrl\":\"https:\/\/swiat-tektury.pl\/wp-content\/uploads\/2019\/10\/WIAT-TEKTURY-LOGOTYP-01-e1572440309804.png\",\"width\":1098,\"height\":1098,\"caption\":\"\u015awiat tektury\"},\"image\":{\"@id\":\"http:\/\/swiat-tektury.pl\/en\/#\/schema\/logo\/image\/\"},\"sameAs\":[\"https:\/\/www.facebook.com\/swiattektury\/\",\"https:\/\/www.instagram.com\/swiat_tektury\/\"]},{\"@type\":\"Person\",\"@id\":\"http:\/\/swiat-tektury.pl\/en\/#\/schema\/person\/91f5fcc9f67c87bdf032dc0715a7519d\",\"name\":\"animo19\",\"image\":{\"@type\":\"ImageObject\",\"inLanguage\":\"en-GB\",\"@id\":\"http:\/\/swiat-tektury.pl\/en\/#\/schema\/person\/image\/\",\"url\":\"https:\/\/secure.gravatar.com\/avatar\/1e12c083890539b5ee0c9305333aa988ddbd93afb6902107bd3f92d20454b1b1?s=96&d=mm&r=g\",\"contentUrl\":\"https:\/\/secure.gravatar.com\/avatar\/1e12c083890539b5ee0c9305333aa988ddbd93afb6902107bd3f92d20454b1b1?s=96&d=mm&r=g\",\"caption\":\"animo19\"},\"sameAs\":[\"http:\/\/swiat-tektury.pl\",\"facebook.com\/swiat-tektury\",\"instagram.com\/swiat_tektury\"]}]}<\/script>\n<!-- \/ Yoast SEO plugin. -->","yoast_head_json":{"title":"Eventowe meble z tektury | \u015bwiat-tektury.pl","description":"Dzi\u015b nie trzeba ju\u017c nikomu t\u0142umaczy\u0107 czym jest recykling. \u015awiadomo\u015b\u0107 ludzi w temacie ekologii wci\u0105\u017c ro\u015bnie, a \u015bwiat coraz bardziej otwiera si\u0119 na ekologiczne inicjatywy. Nasze meble przyci\u0105gaj\u0105 wzrok nie tylko nietuzinkowym wygl\u0105dem\u2026 Wiele os\u00f3b zachwyca si\u0119 nimi w\u0142a\u015bnie ze wzgl\u0119du na aspekt ekologii. Dzi\u0119ki temu nasze meble \u015bwietnie nadaj\u0105 si\u0119 do promocji podczas r\u00f3\u017cnych wydarze\u0144 w ka\u017cdej bran\u017cy, ale sprawdzaj\u0105 si\u0119 te\u017c znakomicie podczas codziennego u\u017cytkowania. Zastosowanie ekologicznych materia\u0142\u00f3w pozytywnie wp\u0142ywa na wizerunek firmy. Sprawi, \u017ce oryginalne stoisko klient zapami\u0119ta na d\u0142u\u017cej. Zalet\u0105 naszych mebli jest du\u017ca wytrzyma\u0142o\u015b\u0107 przy zachowaniu niskiej wagi oraz kompaktowych wymiar\u00f3w po roz\u0142o\u017ceniu.","robots":{"index":"index","follow":"follow","max-snippet":"max-snippet:-1","max-image-preview":"max-image-preview:large","max-video-preview":"max-video-preview:-1"},"canonical":"https:\/\/swiat-tektury.pl\/en\/2020\/02\/17\/eventowe-meble-z-tektury\/","og_locale":"en_GB","og_type":"article","og_title":"Eventowe meble z tektury | \u015bwiat-tektury.pl","og_description":"Dzi\u015b nie trzeba ju\u017c nikomu t\u0142umaczy\u0107 czym jest recykling. \u015awiadomo\u015b\u0107 ludzi w temacie ekologii wci\u0105\u017c ro\u015bnie, a \u015bwiat coraz bardziej otwiera si\u0119 na ekologiczne inicjatywy. Nasze meble przyci\u0105gaj\u0105 wzrok nie tylko nietuzinkowym wygl\u0105dem\u2026 Wiele os\u00f3b zachwyca si\u0119 nimi w\u0142a\u015bnie ze wzgl\u0119du na aspekt ekologii. Dzi\u0119ki temu nasze meble \u015bwietnie nadaj\u0105 si\u0119 do promocji podczas r\u00f3\u017cnych wydarze\u0144 w ka\u017cdej bran\u017cy, ale sprawdzaj\u0105 si\u0119 te\u017c znakomicie podczas codziennego u\u017cytkowania. Zastosowanie ekologicznych materia\u0142\u00f3w pozytywnie wp\u0142ywa na wizerunek firmy. Sprawi, \u017ce oryginalne stoisko klient zapami\u0119ta na d\u0142u\u017cej. Zalet\u0105 naszych mebli jest du\u017ca wytrzyma\u0142o\u015b\u0107 przy zachowaniu niskiej wagi oraz kompaktowych wymiar\u00f3w po roz\u0142o\u017ceniu.","og_url":"https:\/\/swiat-tektury.pl\/en\/2020\/02\/17\/eventowe-meble-z-tektury\/","og_site_name":"\u015bwiat-tektury.pl","article_publisher":"https:\/\/www.facebook.com\/swiattektury\/","article_author":"facebook.com\/swiat-tektury","article_published_time":"2020-02-17T07:24:17+00:00","article_modified_time":"2020-02-17T07:26:54+00:00","og_image":[{"width":1920,"height":933,"url":"https:\/\/swiat-tektury.pl\/wp-content\/uploads\/2020\/01\/60529882_413499775867935_7233934037067235328_o.jpg","type":"image\/jpeg"}],"author":"animo19","twitter_card":"summary_large_image","twitter_misc":{"Written by":"animo19","Estimated reading time":"1 minute"},"schema":{"@context":"https:\/\/schema.org","@graph":[{"@type":"Article","@id":"https:\/\/swiat-tektury.pl\/2020\/02\/17\/eventowe-meble-z-tektury\/#article","isPartOf":{"@id":"https:\/\/swiat-tektury.pl\/2020\/02\/17\/eventowe-meble-z-tektury\/"},"author":{"name":"animo19","@id":"http:\/\/swiat-tektury.pl\/en\/#\/schema\/person\/91f5fcc9f67c87bdf032dc0715a7519d"},"headline":"Eventowe meble z tektury","datePublished":"2020-02-17T07:24:17+00:00","dateModified":"2020-02-17T07:26:54+00:00","mainEntityOfPage":{"@id":"https:\/\/swiat-tektury.pl\/2020\/02\/17\/eventowe-meble-z-tektury\/"},"wordCount":130,"commentCount":0,"publisher":{"@id":"http:\/\/swiat-tektury.pl\/en\/#organization"},"image":{"@id":"https:\/\/swiat-tektury.pl\/2020\/02\/17\/eventowe-meble-z-tektury\/#primaryimage"},"thumbnailUrl":"https:\/\/swiat-tektury.pl\/wp-content\/uploads\/2020\/01\/60529882_413499775867935_7233934037067235328_o.jpg","keywords":["eko","eventowe meble","kar","meble z kartonu","meble z tektury","\u015bwiat tektury","tektura"],"articleSection":["Aktualno\u015bci"],"inLanguage":"en-GB","potentialAction":[{"@type":"CommentAction","name":"Comment","target":["https:\/\/swiat-tektury.pl\/2020\/02\/17\/eventowe-meble-z-tektury\/#respond"]}]},{"@type":"WebPage","@id":"https:\/\/swiat-tektury.pl\/2020\/02\/17\/eventowe-meble-z-tektury\/","url":"https:\/\/swiat-tektury.pl\/2020\/02\/17\/eventowe-meble-z-tektury\/","name":"Eventowe meble z tektury | \u015bwiat-tektury.pl","isPartOf":{"@id":"http:\/\/swiat-tektury.pl\/en\/#website"},"primaryImageOfPage":{"@id":"https:\/\/swiat-tektury.pl\/2020\/02\/17\/eventowe-meble-z-tektury\/#primaryimage"},"image":{"@id":"https:\/\/swiat-tektury.pl\/2020\/02\/17\/eventowe-meble-z-tektury\/#primaryimage"},"thumbnailUrl":"https:\/\/swiat-tektury.pl\/wp-content\/uploads\/2020\/01\/60529882_413499775867935_7233934037067235328_o.jpg","datePublished":"2020-02-17T07:24:17+00:00","dateModified":"2020-02-17T07:26:54+00:00","description":"Dzi\u015b nie trzeba ju\u017c nikomu t\u0142umaczy\u0107 czym jest recykling. \u015awiadomo\u015b\u0107 ludzi w temacie ekologii wci\u0105\u017c ro\u015bnie, a \u015bwiat coraz bardziej otwiera si\u0119 na ekologiczne inicjatywy. Nasze meble przyci\u0105gaj\u0105 wzrok nie tylko nietuzinkowym wygl\u0105dem\u2026 Wiele os\u00f3b zachwyca si\u0119 nimi w\u0142a\u015bnie ze wzgl\u0119du na aspekt ekologii. Dzi\u0119ki temu nasze meble \u015bwietnie nadaj\u0105 si\u0119 do promocji podczas r\u00f3\u017cnych wydarze\u0144 w ka\u017cdej bran\u017cy, ale sprawdzaj\u0105 si\u0119 te\u017c znakomicie podczas codziennego u\u017cytkowania. Zastosowanie ekologicznych materia\u0142\u00f3w pozytywnie wp\u0142ywa na wizerunek firmy. Sprawi, \u017ce oryginalne stoisko klient zapami\u0119ta na d\u0142u\u017cej. Zalet\u0105 naszych mebli jest du\u017ca wytrzyma\u0142o\u015b\u0107 przy zachowaniu niskiej wagi oraz kompaktowych wymiar\u00f3w po roz\u0142o\u017ceniu.","breadcrumb":{"@id":"https:\/\/swiat-tektury.pl\/2020\/02\/17\/eventowe-meble-z-tektury\/#breadcrumb"},"inLanguage":"en-GB","potentialAction":[{"@type":"ReadAction","target":["https:\/\/swiat-tektury.pl\/2020\/02\/17\/eventowe-meble-z-tektury\/"]}]},{"@type":"ImageObject","inLanguage":"en-GB","@id":"https:\/\/swiat-tektury.pl\/2020\/02\/17\/eventowe-meble-z-tektury\/#primaryimage","url":"https:\/\/swiat-tektury.pl\/wp-content\/uploads\/2020\/01\/60529882_413499775867935_7233934037067235328_o.jpg","contentUrl":"https:\/\/swiat-tektury.pl\/wp-content\/uploads\/2020\/01\/60529882_413499775867935_7233934037067235328_o.jpg","width":1920,"height":933,"caption":"Start-Up Days - meble z tektury"},{"@type":"BreadcrumbList","@id":"https:\/\/swiat-tektury.pl\/2020\/02\/17\/eventowe-meble-z-tektury\/#breadcrumb","itemListElement":[{"@type":"ListItem","position":1,"name":"Strona g\u0142\u00f3wna","item":"http:\/\/swiat-tektury.pl\/en\/"},{"@type":"ListItem","position":2,"name":"Eventowe meble z tektury"}]},{"@type":"WebSite","@id":"http:\/\/swiat-tektury.pl\/en\/#website","url":"http:\/\/swiat-tektury.pl\/en\/","name":"\u015bwiat-tektury.pl","description":"Ekologiczne meble z tektury","publisher":{"@id":"http:\/\/swiat-tektury.pl\/en\/#organization"},"potentialAction":[{"@type":"SearchAction","target":{"@type":"EntryPoint","urlTemplate":"http:\/\/swiat-tektury.pl\/en\/?s={search_term_string}"},"query-input":{"@type":"PropertyValueSpecification","valueRequired":true,"valueName":"search_term_string"}}],"inLanguage":"en-GB"},{"@type":"Organization","@id":"http:\/\/swiat-tektury.pl\/en\/#organization","name":"\u015awiat tektury","url":"http:\/\/swiat-tektury.pl\/en\/","logo":{"@type":"ImageObject","inLanguage":"en-GB","@id":"http:\/\/swiat-tektury.pl\/en\/#\/schema\/logo\/image\/","url":"https:\/\/swiat-tektury.pl\/wp-content\/uploads\/2019\/10\/WIAT-TEKTURY-LOGOTYP-01-e1572440309804.png","contentUrl":"https:\/\/swiat-tektury.pl\/wp-content\/uploads\/2019\/10\/WIAT-TEKTURY-LOGOTYP-01-e1572440309804.png","width":1098,"height":1098,"caption":"\u015awiat tektury"},"image":{"@id":"http:\/\/swiat-tektury.pl\/en\/#\/schema\/logo\/image\/"},"sameAs":["https:\/\/www.facebook.com\/swiattektury\/","https:\/\/www.instagram.com\/swiat_tektury\/"]},{"@type":"Person","@id":"http:\/\/swiat-tektury.pl\/en\/#\/schema\/person\/91f5fcc9f67c87bdf032dc0715a7519d","name":"animo19","image":{"@type":"ImageObject","inLanguage":"en-GB","@id":"http:\/\/swiat-tektury.pl\/en\/#\/schema\/person\/image\/","url":"https:\/\/secure.gravatar.com\/avatar\/1e12c083890539b5ee0c9305333aa988ddbd93afb6902107bd3f92d20454b1b1?s=96&d=mm&r=g","contentUrl":"https:\/\/secure.gravatar.com\/avatar\/1e12c083890539b5ee0c9305333aa988ddbd93afb6902107bd3f92d20454b1b1?s=96&d=mm&r=g","caption":"animo19"},"sameAs":["http:\/\/swiat-tektury.pl","facebook.com\/swiat-tektury","instagram.com\/swiat_tektury"]}]}},"_links":{"self":[{"href":"https:\/\/swiat-tektury.pl\/en\/wp-json\/wp\/v2\/posts\/9004","targetHints":{"allow":["GET"]}}],"collection":[{"href":"https:\/\/swiat-tektury.pl\/en\/wp-json\/wp\/v2\/posts"}],"about":[{"href":"https:\/\/swiat-tektury.pl\/en\/wp-json\/wp\/v2\/types\/post"}],"author":[{"embeddable":true,"href":"https:\/\/swiat-tektury.pl\/en\/wp-json\/wp\/v2\/users\/1"}],"replies":[{"embeddable":true,"href":"https:\/\/swiat-tektury.pl\/en\/wp-json\/wp\/v2\/comments?post=9004"}],"version-history":[{"count":0,"href":"https:\/\/swiat-tektury.pl\/en\/wp-json\/wp\/v2\/posts\/9004\/revisions"}],"wp:featuredmedia":[{"embeddable":true,"href":"https:\/\/swiat-tektury.pl\/en\/wp-json\/wp\/v2\/media\/8642"}],"wp:attachment":[{"href":"https:\/\/swiat-tektury.pl\/en\/wp-json\/wp\/v2\/media?parent=9004"}],"wp:term":[{"taxonomy":"category","embeddable":true,"href":"https:\/\/swiat-tektury.pl\/en\/wp-json\/wp\/v2\/categories?post=9004"},{"taxonomy":"post_tag","embeddable":true,"href":"https:\/\/swiat-tektury.pl\/en\/wp-json\/wp\/v2\/tags?post=9004"}],"curies":[{"name":"wp","href":"https:\/\/api.w.org\/{rel}","templated":true}]}}