{"id":15,"count":198,"description":"MEBLE Z TEKTURY DLA FIRM\r\n\r\nNasze meble z tektury w barwach firmowych doskonale sprawdzaj\u0105 si\u0119 w siedzibie firmy - w poczekalni lub pokoju konferencyjnym. S\u0105 r\u00f3wnie\u017c idealnym rozwi\u0105zaniem na stoiska targowe czy eventy. Z racji niewielkiej wagi i obj\u0119to\u015bci (w stanie roz\u0142o\u017conym), \u0142atwo je transportowa\u0107. Mog\u0105 s\u0142u\u017cy\u0107 wielokrotnie lub mo\u017cna je \u0142atwo zutylizowa\u0107 po zako\u0144czeniu imprezy.\r\n\r\nMo\u017cliwe jest wykonanie dowolnych, nawet pojedynczych nadruk\u00f3w. Nadruk zabezpieczony jest foli\u0105 matow\u0105 lub b\u0142yszcz\u0105c\u0105.\r\n\r\nCh\u0119tnie zaprojektujemy i wykonamy r\u00f3wnie\u017c inne meble wg Pa\u0144stwa sugestii. W razie potrzeby prosimy o kontakt e-mail: biuro@swiat-tektury.pl","link":"https:\/\/swiat-tektury.pl\/en\/product-category\/meble-dla-firm\/","name":"Meble dla firm","slug":"meble-dla-firm","taxonomy":"product_cat","parent":0,"meta":[],"yoast_head":"<!-- This site is optimized with the Yoast SEO plugin v26.0 - https:\/\/yoast.com\/wordpress\/plugins\/seo\/ -->\n<title>Ekologiczne meble z tektury | Meble dla firm | \u015bwiat-tektury.pl<\/title>\n<meta name=\"description\" content=\"Nasze meble z tektury w barwach firmowych doskonale sprawdzaj\u0105 si\u0119 w siedzibie firmy - w poczekalni lub pokoju konferencyjnym. S\u0105 r\u00f3wnie\u017c idealnym rozwi\u0105zaniem na stoiska targowe czy eventy. Z racji niewielkiej wagi i obj\u0119to\u015bci (w stanie roz\u0142o\u017conym), \u0142atwo je transportowa\u0107. Mog\u0105 s\u0142u\u017cy\u0107 wielokrotnie lub mo\u017cna je \u0142atwo zutylizowa\u0107 po zako\u0144czeniu imprezy.Mo\u017cliwe jest wykonanie dowolnych, nawet pojedynczych nadruk\u00f3w. Nadruk zabezpieczony jest foli\u0105 matow\u0105 lub b\u0142yszcz\u0105c\u0105.\" \/>\n<meta name=\"robots\" content=\"index, follow, max-snippet:-1, max-image-preview:large, max-video-preview:-1\" \/>\n<link rel=\"canonical\" href=\"https:\/\/swiat-tektury.pl\/en\/product-category\/meble-dla-firm\/\" \/>\n<meta property=\"og:locale\" content=\"en_GB\" \/>\n<meta property=\"og:type\" content=\"article\" \/>\n<meta property=\"og:title\" content=\"Ekologiczne meble z tektury | Meble dla firm | \u015bwiat-tektury.pl\" \/>\n<meta property=\"og:description\" content=\"Nasze meble z tektury w barwach firmowych doskonale sprawdzaj\u0105 si\u0119 w siedzibie firmy - w poczekalni lub pokoju konferencyjnym. S\u0105 r\u00f3wnie\u017c idealnym rozwi\u0105zaniem na stoiska targowe czy eventy. Z racji niewielkiej wagi i obj\u0119to\u015bci (w stanie roz\u0142o\u017conym), \u0142atwo je transportowa\u0107. Mog\u0105 s\u0142u\u017cy\u0107 wielokrotnie lub mo\u017cna je \u0142atwo zutylizowa\u0107 po zako\u0144czeniu imprezy.Mo\u017cliwe jest wykonanie dowolnych, nawet pojedynczych nadruk\u00f3w. Nadruk zabezpieczony jest foli\u0105 matow\u0105 lub b\u0142yszcz\u0105c\u0105.\" \/>\n<meta property=\"og:url\" content=\"https:\/\/swiat-tektury.pl\/en\/product-category\/meble-dla-firm\/\" \/>\n<meta property=\"og:site_name\" content=\"\u015bwiat-tektury.pl\" \/>\n<meta name=\"twitter:card\" content=\"summary_large_image\" \/>\n<script type=\"application\/ld+json\" class=\"yoast-schema-graph\">{\"@context\":\"https:\/\/schema.org\",\"@graph\":[{\"@type\":\"CollectionPage\",\"@id\":\"https:\/\/swiat-tektury.pl\/kategoria-produktu\/meble-dla-firm\/\",\"url\":\"https:\/\/swiat-tektury.pl\/kategoria-produktu\/meble-dla-firm\/\",\"name\":\"Ekologiczne meble z tektury | Meble dla firm | \u015bwiat-tektury.pl\",\"isPartOf\":{\"@id\":\"http:\/\/swiat-tektury.pl\/en\/#website\"},\"description\":\"Nasze meble z tektury w barwach firmowych doskonale sprawdzaj\u0105 si\u0119 w siedzibie firmy - w poczekalni lub pokoju konferencyjnym. S\u0105 r\u00f3wnie\u017c idealnym rozwi\u0105zaniem na stoiska targowe czy eventy. Z racji niewielkiej wagi i obj\u0119to\u015bci (w stanie roz\u0142o\u017conym), \u0142atwo je transportowa\u0107. Mog\u0105 s\u0142u\u017cy\u0107 wielokrotnie lub mo\u017cna je \u0142atwo zutylizowa\u0107 po zako\u0144czeniu imprezy.Mo\u017cliwe jest wykonanie dowolnych, nawet pojedynczych nadruk\u00f3w. Nadruk zabezpieczony jest foli\u0105 matow\u0105 lub b\u0142yszcz\u0105c\u0105.\",\"breadcrumb\":{\"@id\":\"https:\/\/swiat-tektury.pl\/kategoria-produktu\/meble-dla-firm\/#breadcrumb\"},\"inLanguage\":\"en-GB\"},{\"@type\":\"BreadcrumbList\",\"@id\":\"https:\/\/swiat-tektury.pl\/kategoria-produktu\/meble-dla-firm\/#breadcrumb\",\"itemListElement\":[{\"@type\":\"ListItem\",\"position\":1,\"name\":\"Strona g\u0142\u00f3wna\",\"item\":\"http:\/\/swiat-tektury.pl\/en\/\"},{\"@type\":\"ListItem\",\"position\":2,\"name\":\"Meble dla firm\"}]},{\"@type\":\"WebSite\",\"@id\":\"http:\/\/swiat-tektury.pl\/en\/#website\",\"url\":\"http:\/\/swiat-tektury.pl\/en\/\",\"name\":\"\u015bwiat-tektury.pl\",\"description\":\"Ekologiczne meble z tektury\",\"publisher\":{\"@id\":\"http:\/\/swiat-tektury.pl\/en\/#organization\"},\"potentialAction\":[{\"@type\":\"SearchAction\",\"target\":{\"@type\":\"EntryPoint\",\"urlTemplate\":\"http:\/\/swiat-tektury.pl\/en\/?s={search_term_string}\"},\"query-input\":{\"@type\":\"PropertyValueSpecification\",\"valueRequired\":true,\"valueName\":\"search_term_string\"}}],\"inLanguage\":\"en-GB\"},{\"@type\":\"Organization\",\"@id\":\"http:\/\/swiat-tektury.pl\/en\/#organization\",\"name\":\"\u015awiat tektury\",\"url\":\"http:\/\/swiat-tektury.pl\/en\/\",\"logo\":{\"@type\":\"ImageObject\",\"inLanguage\":\"en-GB\",\"@id\":\"http:\/\/swiat-tektury.pl\/en\/#\/schema\/logo\/image\/\",\"url\":\"https:\/\/swiat-tektury.pl\/wp-content\/uploads\/2019\/10\/WIAT-TEKTURY-LOGOTYP-01-e1572440309804.png\",\"contentUrl\":\"https:\/\/swiat-tektury.pl\/wp-content\/uploads\/2019\/10\/WIAT-TEKTURY-LOGOTYP-01-e1572440309804.png\",\"width\":1098,\"height\":1098,\"caption\":\"\u015awiat tektury\"},\"image\":{\"@id\":\"http:\/\/swiat-tektury.pl\/en\/#\/schema\/logo\/image\/\"},\"sameAs\":[\"https:\/\/www.facebook.com\/swiattektury\/\",\"https:\/\/www.instagram.com\/swiat_tektury\/\"]}]}<\/script>\n<!-- \/ Yoast SEO plugin. -->","yoast_head_json":{"title":"Ekologiczne meble z tektury | Meble dla firm | \u015bwiat-tektury.pl","description":"Nasze meble z tektury w barwach firmowych doskonale sprawdzaj\u0105 si\u0119 w siedzibie firmy - w poczekalni lub pokoju konferencyjnym. S\u0105 r\u00f3wnie\u017c idealnym rozwi\u0105zaniem na stoiska targowe czy eventy. Z racji niewielkiej wagi i obj\u0119to\u015bci (w stanie roz\u0142o\u017conym), \u0142atwo je transportowa\u0107. Mog\u0105 s\u0142u\u017cy\u0107 wielokrotnie lub mo\u017cna je \u0142atwo zutylizowa\u0107 po zako\u0144czeniu imprezy.Mo\u017cliwe jest wykonanie dowolnych, nawet pojedynczych nadruk\u00f3w. Nadruk zabezpieczony jest foli\u0105 matow\u0105 lub b\u0142yszcz\u0105c\u0105.","robots":{"index":"index","follow":"follow","max-snippet":"max-snippet:-1","max-image-preview":"max-image-preview:large","max-video-preview":"max-video-preview:-1"},"canonical":"https:\/\/swiat-tektury.pl\/en\/product-category\/meble-dla-firm\/","og_locale":"en_GB","og_type":"article","og_title":"Ekologiczne meble z tektury | Meble dla firm | \u015bwiat-tektury.pl","og_description":"Nasze meble z tektury w barwach firmowych doskonale sprawdzaj\u0105 si\u0119 w siedzibie firmy - w poczekalni lub pokoju konferencyjnym. S\u0105 r\u00f3wnie\u017c idealnym rozwi\u0105zaniem na stoiska targowe czy eventy. Z racji niewielkiej wagi i obj\u0119to\u015bci (w stanie roz\u0142o\u017conym), \u0142atwo je transportowa\u0107. Mog\u0105 s\u0142u\u017cy\u0107 wielokrotnie lub mo\u017cna je \u0142atwo zutylizowa\u0107 po zako\u0144czeniu imprezy.Mo\u017cliwe jest wykonanie dowolnych, nawet pojedynczych nadruk\u00f3w. Nadruk zabezpieczony jest foli\u0105 matow\u0105 lub b\u0142yszcz\u0105c\u0105.","og_url":"https:\/\/swiat-tektury.pl\/en\/product-category\/meble-dla-firm\/","og_site_name":"\u015bwiat-tektury.pl","twitter_card":"summary_large_image","schema":{"@context":"https:\/\/schema.org","@graph":[{"@type":"CollectionPage","@id":"https:\/\/swiat-tektury.pl\/kategoria-produktu\/meble-dla-firm\/","url":"https:\/\/swiat-tektury.pl\/kategoria-produktu\/meble-dla-firm\/","name":"Ekologiczne meble z tektury | Meble dla firm | \u015bwiat-tektury.pl","isPartOf":{"@id":"http:\/\/swiat-tektury.pl\/en\/#website"},"description":"Nasze meble z tektury w barwach firmowych doskonale sprawdzaj\u0105 si\u0119 w siedzibie firmy - w poczekalni lub pokoju konferencyjnym. S\u0105 r\u00f3wnie\u017c idealnym rozwi\u0105zaniem na stoiska targowe czy eventy. Z racji niewielkiej wagi i obj\u0119to\u015bci (w stanie roz\u0142o\u017conym), \u0142atwo je transportowa\u0107. Mog\u0105 s\u0142u\u017cy\u0107 wielokrotnie lub mo\u017cna je \u0142atwo zutylizowa\u0107 po zako\u0144czeniu imprezy.Mo\u017cliwe jest wykonanie dowolnych, nawet pojedynczych nadruk\u00f3w. Nadruk zabezpieczony jest foli\u0105 matow\u0105 lub b\u0142yszcz\u0105c\u0105.","breadcrumb":{"@id":"https:\/\/swiat-tektury.pl\/kategoria-produktu\/meble-dla-firm\/#breadcrumb"},"inLanguage":"en-GB"},{"@type":"BreadcrumbList","@id":"https:\/\/swiat-tektury.pl\/kategoria-produktu\/meble-dla-firm\/#breadcrumb","itemListElement":[{"@type":"ListItem","position":1,"name":"Strona g\u0142\u00f3wna","item":"http:\/\/swiat-tektury.pl\/en\/"},{"@type":"ListItem","position":2,"name":"Meble dla firm"}]},{"@type":"WebSite","@id":"http:\/\/swiat-tektury.pl\/en\/#website","url":"http:\/\/swiat-tektury.pl\/en\/","name":"\u015bwiat-tektury.pl","description":"Ekologiczne meble z tektury","publisher":{"@id":"http:\/\/swiat-tektury.pl\/en\/#organization"},"potentialAction":[{"@type":"SearchAction","target":{"@type":"EntryPoint","urlTemplate":"http:\/\/swiat-tektury.pl\/en\/?s={search_term_string}"},"query-input":{"@type":"PropertyValueSpecification","valueRequired":true,"valueName":"search_term_string"}}],"inLanguage":"en-GB"},{"@type":"Organization","@id":"http:\/\/swiat-tektury.pl\/en\/#organization","name":"\u015awiat tektury","url":"http:\/\/swiat-tektury.pl\/en\/","logo":{"@type":"ImageObject","inLanguage":"en-GB","@id":"http:\/\/swiat-tektury.pl\/en\/#\/schema\/logo\/image\/","url":"https:\/\/swiat-tektury.pl\/wp-content\/uploads\/2019\/10\/WIAT-TEKTURY-LOGOTYP-01-e1572440309804.png","contentUrl":"https:\/\/swiat-tektury.pl\/wp-content\/uploads\/2019\/10\/WIAT-TEKTURY-LOGOTYP-01-e1572440309804.png","width":1098,"height":1098,"caption":"\u015awiat tektury"},"image":{"@id":"http:\/\/swiat-tektury.pl\/en\/#\/schema\/logo\/image\/"},"sameAs":["https:\/\/www.facebook.com\/swiattektury\/","https:\/\/www.instagram.com\/swiat_tektury\/"]}]}},"_links":{"self":[{"href":"https:\/\/swiat-tektury.pl\/en\/wp-json\/wp\/v2\/product_cat\/15","targetHints":{"allow":["GET"]}}],"collection":[{"href":"https:\/\/swiat-tektury.pl\/en\/wp-json\/wp\/v2\/product_cat"}],"about":[{"href":"https:\/\/swiat-tektury.pl\/en\/wp-json\/wp\/v2\/taxonomies\/product_cat"}],"wp:post_type":[{"href":"https:\/\/swiat-tektury.pl\/en\/wp-json\/wp\/v2\/product?product_cat=15"}],"curies":[{"name":"wp","href":"https:\/\/api.w.org\/{rel}","templated":true}]}}